{"id":76461,"date":"2020-02-05T10:40:50","date_gmt":"2020-02-05T15:40:50","guid":{"rendered":"http:\/\/elcuartopoder.com.mx\/nw\/?p=76461"},"modified":"2020-02-05T10:40:52","modified_gmt":"2020-02-05T15:40:52","slug":"desaparecio-rafael-amaya-el-senor-de-los-cielos-sigue-ausente","status":"publish","type":"post","link":"http:\/\/elcuartopoder.com.mx\/nw\/entretenimiento\/espectaculos\/desaparecio-rafael-amaya-el-senor-de-los-cielos-sigue-ausente\/","title":{"rendered":"\u00bfDesapareci\u00f3 Rafael Amaya? El Se\u00f1or de los Cielos, sigue ausente"},"content":{"rendered":"\n<p>Canc\u00fan.- Rafael Amaya, quien protagoniz\u00f3 a Aurelio Casillas en la serie el \u00abSe\u00f1or de los Cielos\u00bb e hizo su reaparici\u00f3n en la s\u00e9ptima temporada \u00fanicamente para \u00abmorir\u00bb, ya que su personaje falleci\u00f3 en el primer cap\u00edtulo, contin\u00faa ausente. Dicho acontecimiento que dej\u00f3 a los fan\u00e1ticos de la serie decepcionados, se han estado preguntado \u00bfd\u00f3nde esta Rafael Amaya?, ya que hace m\u00e1s de un a\u00f1o el actor no comparte nada en sus redes sociales; su \u00faltima publicaci\u00f3n en Instagram fue el 18 de abril del 2018.<\/p>\n\n\n\n<p>A trav\u00e9s de la cuenta oficial de Instagram de la serie, se realiz\u00f3 una transmisi\u00f3n en vivo donde los nuevos protagonistas Isabella Castillo y Mat\u00edas Novoa, respondieron dudas y comentarios de los espectadores.<\/p>\n\n\n\n<p>Tambi\u00e9n te puede interesar: Shakira y Jennifer L\u00f3pez multiplican descargas tras espect\u00e1culo del Super Bowl<\/p>\n\n\n\n<p>La primer pregunta que destac\u00f3 entre los cientos de mensajes fue: \u201c\u00bfpor qu\u00e9 muri\u00f3 Aurelio?\u201d, Mat\u00edas respondi\u00f3 que la historia as\u00ed lo contaba, mientras que Isabella expres\u00f3 que no quer\u00eda que se hubiera muerto, pero son cosas que pasan.<\/p>\n\n\n\n<p>La segunda interrogaci\u00f3n que respondieron durante el directo y que muchos fans se preguntan fue: \u201c\u00bfsaben algo de Rafael Amaya?\u201d, e inmediatamente Novoa respondi\u00f3: \u201cla verdad muchachos es que no sabemos nada\u201d, seguidamente Isabella agreg\u00f3: \u201cpero le deseamos lo mejor\u201d.<\/p>\n\n\n\n<p>La actriz de origen cubano aprovech\u00f3 la ocasi\u00f3n para agradecer a los fans de la superserie por el apoyo que les dieron durante esta temporada tan dif\u00edcil y complicada para todos.<\/p>\n\n\n\n<blockquote class=\"wp-block-quote is-layout-flow wp-block-quote-is-layout-flow\"><p>\u201cAl final del d\u00eda nosotros somos actores y hacemos nuestro trabajo y tenemos que interpretar los libretos y los guiones que nos escriben y para nosotros es muy gratificante que ustedes nos apoyen a pesar de todo lo que pueda pasar y que no nos hayan dejado de ver y que quieran una octava temporada, todo eso nos llena de alegr\u00eda porque ha sido dif\u00edcil el proceso\u201d, se sincer\u00f3. \u201cCreo que fue la primera vez que se han grabado 75 cap\u00edtulos en justo tres meses exactos con acci\u00f3n, con todo. Fue dif\u00edcil grabar esta serie, pero ustedes ah\u00ed no nos abandonaron\u201d.<\/p><\/blockquote>\n\n\n\n<p><strong>Fuente:<\/strong> SIPSE<\/p>\n","protected":false},"excerpt":{"rendered":"<p>Canc\u00fan.- Rafael Amaya, quien protagoniz\u00f3 a Aurelio Casillas en la serie el \u00abSe\u00f1or de los Cielos\u00bb e hizo su reaparici\u00f3n en la s\u00e9ptima temporada \u00fanicamente para \u00abmorir\u00bb, ya que su personaje falleci\u00f3 en el primer cap\u00edtulo, contin\u00faa ausente. Dicho acontecimiento que dej\u00f3 a los fan\u00e1ticos de la serie decepcionados, se han estado preguntado \u00bfd\u00f3nde esta [&hellip;]<\/p>\n","protected":false},"author":2,"featured_media":76462,"comment_status":"open","ping_status":"open","sticky":false,"template":"","format":"standard","meta":{"footnotes":""},"categories":[11],"tags":[],"class_list":["post-76461","post","type-post","status-publish","format-standard","has-post-thumbnail","hentry","category-espectaculos"],"_links":{"self":[{"href":"http:\/\/elcuartopoder.com.mx\/nw\/wp-json\/wp\/v2\/posts\/76461","targetHints":{"allow":["GET"]}}],"collection":[{"href":"http:\/\/elcuartopoder.com.mx\/nw\/wp-json\/wp\/v2\/posts"}],"about":[{"href":"http:\/\/elcuartopoder.com.mx\/nw\/wp-json\/wp\/v2\/types\/post"}],"author":[{"embeddable":true,"href":"http:\/\/elcuartopoder.com.mx\/nw\/wp-json\/wp\/v2\/users\/2"}],"replies":[{"embeddable":true,"href":"http:\/\/elcuartopoder.com.mx\/nw\/wp-json\/wp\/v2\/comments?post=76461"}],"version-history":[{"count":1,"href":"http:\/\/elcuartopoder.com.mx\/nw\/wp-json\/wp\/v2\/posts\/76461\/revisions"}],"predecessor-version":[{"id":76463,"href":"http:\/\/elcuartopoder.com.mx\/nw\/wp-json\/wp\/v2\/posts\/76461\/revisions\/76463"}],"wp:featuredmedia":[{"embeddable":true,"href":"http:\/\/elcuartopoder.com.mx\/nw\/wp-json\/wp\/v2\/media\/76462"}],"wp:attachment":[{"href":"http:\/\/elcuartopoder.com.mx\/nw\/wp-json\/wp\/v2\/media?parent=76461"}],"wp:term":[{"taxonomy":"category","embeddable":true,"href":"http:\/\/elcuartopoder.com.mx\/nw\/wp-json\/wp\/v2\/categories?post=76461"},{"taxonomy":"post_tag","embeddable":true,"href":"http:\/\/elcuartopoder.com.mx\/nw\/wp-json\/wp\/v2\/tags?post=76461"}],"curies":[{"name":"wp","href":"https:\/\/api.w.org\/{rel}","templated":true}]}}