{"id":76621,"date":"2020-02-11T11:23:37","date_gmt":"2020-02-11T16:23:37","guid":{"rendered":"http:\/\/elcuartopoder.com.mx\/nw\/?p=76621"},"modified":"2020-02-11T11:23:39","modified_gmt":"2020-02-11T16:23:39","slug":"maud-angelica-premiada-por-el-discurso-sobre-el-suicidio-de-su-padre-ari-behn","status":"publish","type":"post","link":"http:\/\/elcuartopoder.com.mx\/nw\/internacionales\/maud-angelica-premiada-por-el-discurso-sobre-el-suicidio-de-su-padre-ari-behn\/","title":{"rendered":"Maud Angelica, premiada por el discurso sobre el suicidio de su padre, Ari Behn"},"content":{"rendered":"\n<p>Maud Angelica Behn, hija mayor de Marta Luisa de Noruega y el difunto Ari Behn, fallecido el pasado 25 de diciembre, protagoniz\u00f3 uno de los momentos m\u00e1s emotivos del funeral de su padre, celebrado el 3 de enero en Oslo. La joven, de 16 a\u00f1os, no tuvo reparo en hablar del suicidio. Quiso dejar claro que \u00abno es culpa de nadie\u00bb, y rog\u00f3 con \u00abcoraz\u00f3n\u00bb y \u00abalma\u00bb que quienes tengan problemas mentales pidan ayuda. Por ello, la comunidad m\u00e9dica noruega ha galardonado a la nieta de los reyes Harald y Sonia con el Premio de Psiquiatr\u00eda de Emergencia 2020.<\/p>\n\n\n\n<p>Se trata de un premio anual cuyo jurado ha tenido este a\u00f1o en cuenta c\u00f3mo una adolescente ha transmitido un mensaje tan poderoso ante todo su pa\u00eds y el mundo. El funeral de su progenitor fue retransmitido por televisi\u00f3n pues, por deseo de la familia, la ceremonia estuvo abierta al p\u00fablico: muchos hicieron cola en el exterior de la catedral de la capital noruega desde horas antes de que se abrieran las puertas y cientos de personas quedaron fuera al completarse el aforo, previsto para unas 900 personas.<\/p>\n\n\n\n<p>\u00abEn tu dolor, elegiste compartir. Abriste tu coraz\u00f3n y pensaste tambi\u00e9n en los dem\u00e1s. Ves palabras en el dolor y transmites esperanza. Hay que tener mucho coraz\u00f3n para utilizar un momento como ese para hablar de los trastornos mentales y lo importante que es pedir ayuda\u00bb, agradeci\u00f3 el jurado que integra dicha comunidad m\u00e9dica tras otorgarle el galard\u00f3n, en forma de cuadro, a Maud Angelica Behn.<\/p>\n\n\n\n<figure class=\"wp-block-embed-facebook wp-block-embed is-type-rich is-provider-facebook\"><div class=\"wp-block-embed__wrapper\">\n<div id=\"fb-root\"><\/div><script async=\"1\" defer=\"1\" crossorigin=\"anonymous\" src=\"https:\/\/connect.facebook.net\/en_US\/sdk.js#xfbml=1&amp;version=v6.0\"><\/script><div class=\"fb-post\" data-href=\"https:\/\/www.facebook.com\/akuttpsykiatri\/photos\/a.816948435055098\/2840953469321241\/?type=3\" data-width=\"696\"><blockquote cite=\"https:\/\/www.facebook.com\/akuttpsykiatri\/photos\/a.816948435055098\/2840953469321241\/?type=3\" class=\"fb-xfbml-parse-ignore\"><p>Vinner av Akuttpsykiatriprisen er Maud Angelica Behn &#8211; GRATULERER!<\/p>Posted by <a href=\"https:\/\/www.facebook.com\/akuttpsykiatri\/\">Akuttpsykiatrikonferansen<\/a> on&nbsp;<a href=\"https:\/\/www.facebook.com\/akuttpsykiatri\/photos\/a.816948435055098\/2840953469321241\/?type=3\">Thursday, February 6, 2020<\/a><\/blockquote><\/div>\n<\/div><\/figure>\n\n\n\n<p>La princesa Marta Luisa acompa\u00f1\u00f3 a su hija a la entrega de premios, celebrada el pasado jueves, y fue la encargada de retratarla junto a dos miembros del jurado y un ramo de flores. Su madre tambi\u00e9n estuvo a su lado cuando Maud Angelica Behn dio el discurso en la catedral de Oslo el pasado enero. Entonces, madre e hija subieron juntas al altar y la joven lament\u00f3 en alto y entre sollozos que nunca pudo entregarle a su padre un retrato suyo que pensaba regalarle y que situ\u00f3 sobre el f\u00e9retro, rodeado de decenas de coronas entre las que se encontraba la que le dedic\u00f3 junto a sus hermanas, que llevaba el lema: \u00abTe querremos siempre\u00bb.<\/p>\n\n\n\n<p>\u201cTe iba a dar este dibujo por Navidad. Trabaj\u00e9 en \u00e9l durante diez horas, y mientras lo dibujaba pens\u00e9 en lo mucho que te quiero y en lo emocionante que ser\u00eda ver tu reacci\u00f3n\u201d, comenz\u00f3 a decir despu\u00e9s de colocarlo sobre el f\u00e9retro. \u201cHace solo dos semanas que no te veo y ya te echo de menos. Quer\u00edamos celebrar la Navidad juntos, pero ahora nunca podr\u00e9 volver a ver tu sonrisa. Me rompe el coraz\u00f3n no poder darte este dibujo\u201d, coment\u00f3. La pintura y el arte eran aficiones que la joven compart\u00eda con su padre. \u00abSiempre estabas m\u00e1s entusiasmado con mi arte. M\u00e1s que nadie, que yo sepa\u00bb, a\u00f1adi\u00f3.<\/p>\n\n\n\n<p>\u00abQuerido pap\u00e1, siempre dec\u00edas que estabas orgulloso de nosotras. Espero que sepas que tambi\u00e9n lo est\u00e1bamos de ti. Eras mi h\u00e9roe, te quiero tanto, te necesito tanto\u00bb, dijo Maud Angelica, que agradeci\u00f3 tambi\u00e9n a su padre la seguridad en s\u00ed misma que le inculc\u00f3 de ni\u00f1a. \u201cCuando ten\u00eda miedo de los monstruos debajo de mi cama, me dec\u00edas que me cuidar\u00edas. Eras mi h\u00e9roe, pap\u00e1. Nos hiciste pensar que pod\u00edamos hacer cualquier cosa. Nos hiciste sentir una fuerza y una alegr\u00eda infinitas al creer en nosotros de esa manera. Por eso, Leah, Emma [sus hermanas peque\u00f1as], mam\u00e1 y yo te echaremos mucho de menos\u201d, continu\u00f3 en su discurso.<\/p>\n\n\n\n<p>Ari Behn ya hab\u00eda confesado con anterioridad sus problemas personales: en una entrevista en 2009 habl\u00f3 de que se sent\u00eda deprimido y solo. Reconoci\u00f3 tambi\u00e9n que no era una persona con la que fuera f\u00e1cil convivir. Tras su fallecimiento, su amigo el fot\u00f3grafo Per Heimly explic\u00f3 en una emisora de radio noruega que Behn no ve\u00eda una salida, un final para su enfermedad: \u00abLe resultaba imposible cambiar el enfoque. El \u00faltimo a\u00f1o fue muy dif\u00edcil para \u00e9l. Sufr\u00eda dolores, estaba muy deprimido, sin fuerzas ni energ\u00eda\u00bb. Heimley asegur\u00f3 que su amigo sufri\u00f3 un cambio gradual en los \u00faltimos a\u00f1os: \u00abDespu\u00e9s de separarse de Marta [en 2016] se sumi\u00f3 en la desesperaci\u00f3n y en la oscuridad. Fue muy dif\u00edcil para \u00e9l salir de esa situaci\u00f3n. La carga se le hac\u00eda cada vez m\u00e1s pesada\u00bb.<\/p>\n\n\n\n<p>Tambi\u00e9n su amigo Espen Eirborg habl\u00f3 sobre el escritor aquellas semanas. \u201cEstaba muy preocupado por la muerte y las cosas m\u00e1s oscuras. Pero no pens\u00e9 que pudiera hacerlo\u00bb, asegur\u00f3 en el peri\u00f3dico Dagbladet en referencia al suicidio. Al parecer y seg\u00fan su testimonio, Behn \u201cten\u00eda mucho dentro que no estaba resuelto\u201d. Adem\u00e1s, destac\u00f3 que nunca lleg\u00f3 a desarrollarse por completo como artista por haber pertenecido a la familia real noruega.<\/p>\n\n\n\n<p><strong>Fuente:<\/strong> elpa\u00eds<\/p>\n","protected":false},"excerpt":{"rendered":"<p>Maud Angelica Behn, hija mayor de Marta Luisa de Noruega y el difunto Ari Behn, fallecido el pasado 25 de diciembre, protagoniz\u00f3 uno de los momentos m\u00e1s emotivos del funeral de su padre, celebrado el 3 de enero en Oslo. La joven, de 16 a\u00f1os, no tuvo reparo en hablar del suicidio. Quiso dejar claro [&hellip;]<\/p>\n","protected":false},"author":2,"featured_media":76622,"comment_status":"open","ping_status":"open","sticky":false,"template":"","format":"standard","meta":{"footnotes":""},"categories":[59,8],"tags":[],"class_list":["post-76621","post","type-post","status-publish","format-standard","has-post-thumbnail","hentry","category-destacadas","category-internacionales"],"_links":{"self":[{"href":"http:\/\/elcuartopoder.com.mx\/nw\/wp-json\/wp\/v2\/posts\/76621","targetHints":{"allow":["GET"]}}],"collection":[{"href":"http:\/\/elcuartopoder.com.mx\/nw\/wp-json\/wp\/v2\/posts"}],"about":[{"href":"http:\/\/elcuartopoder.com.mx\/nw\/wp-json\/wp\/v2\/types\/post"}],"author":[{"embeddable":true,"href":"http:\/\/elcuartopoder.com.mx\/nw\/wp-json\/wp\/v2\/users\/2"}],"replies":[{"embeddable":true,"href":"http:\/\/elcuartopoder.com.mx\/nw\/wp-json\/wp\/v2\/comments?post=76621"}],"version-history":[{"count":1,"href":"http:\/\/elcuartopoder.com.mx\/nw\/wp-json\/wp\/v2\/posts\/76621\/revisions"}],"predecessor-version":[{"id":76623,"href":"http:\/\/elcuartopoder.com.mx\/nw\/wp-json\/wp\/v2\/posts\/76621\/revisions\/76623"}],"wp:featuredmedia":[{"embeddable":true,"href":"http:\/\/elcuartopoder.com.mx\/nw\/wp-json\/wp\/v2\/media\/76622"}],"wp:attachment":[{"href":"http:\/\/elcuartopoder.com.mx\/nw\/wp-json\/wp\/v2\/media?parent=76621"}],"wp:term":[{"taxonomy":"category","embeddable":true,"href":"http:\/\/elcuartopoder.com.mx\/nw\/wp-json\/wp\/v2\/categories?post=76621"},{"taxonomy":"post_tag","embeddable":true,"href":"http:\/\/elcuartopoder.com.mx\/nw\/wp-json\/wp\/v2\/tags?post=76621"}],"curies":[{"name":"wp","href":"https:\/\/api.w.org\/{rel}","templated":true}]}}