{"id":76628,"date":"2020-02-11T12:09:26","date_gmt":"2020-02-11T17:09:26","guid":{"rendered":"http:\/\/elcuartopoder.com.mx\/nw\/?p=76628"},"modified":"2020-02-11T12:09:29","modified_gmt":"2020-02-11T17:09:29","slug":"pele-se-recluye-en-casa-avergonzado-de-sus-problemas-de-movilidad","status":"publish","type":"post","link":"http:\/\/elcuartopoder.com.mx\/nw\/entretenimiento\/deportes\/pele-se-recluye-en-casa-avergonzado-de-sus-problemas-de-movilidad\/","title":{"rendered":"Pel\u00e9 se recluye en casa avergonzado de sus problemas de movilidad"},"content":{"rendered":"\n<p>Edson Arantes do Nascimento, Pel\u00e9, sufre una \u00abcierta depresi\u00f3n\u00bb debido a sus problemas de movilidad. As\u00ed lo ha contado su hijo Edson Cholbi Nascimento, exportero brasile\u00f1o en una entrevista con el portal Globoesporte. A la leyenda del f\u00fatbol, que ahora tiene 79 a\u00f1os, le cuesta caminar y necesita la ayuda de un andador. Pero a este problema se le suma que se encuentra recluido en su vivienda: \u00abEst\u00e1 avergonzado, no quiere salir, exponerse, estar en la calle. No hace pr\u00e1cticamente nada por salir de casa. Es muy t\u00edmido\u00bb.<\/p>\n\n\n\n<p>Para su hijo es muy impactante ver a su padre en esta situaci\u00f3n: \u00abImag\u00ednate. \u00c9l es el rey. Siempre ha sido una figura tan importante y hoy ya no puede caminar bien\u00bb. A lo que a\u00f1ade que la actitud de su padre no ayuda en su recuperaci\u00f3n: \u00abEs muy t\u00edmido, est\u00e1 avergonzado, no quiere salir a la calle. Vive recluido\u00bb.<\/p>\n\n\n\n<p>Durante los \u00faltimos a\u00f1os, Pel\u00e9 ha tenido problemas relacionados con el aparato urinario, le extirparon un ri\u00f1\u00f3n cuando todav\u00eda jugaba de manera profesional y ha pasado por diferentes intervenciones quir\u00fargicas en la columna, el menisco y la cadera. Seg\u00fan su familia, las dolencias del exdeportista han aumentado por un \u00aberror m\u00e9dico\u00bb al colocar una mala pr\u00f3tesis.<\/p>\n\n\n\n<p>El pasado mes de abril, Pel\u00e9 fue hospitalizado en Par\u00eds tras sufrir una infecci\u00f3n leve. Se encontraba en la capital francesa para participar en un acto junto a Kyllian Mbapp\u00e9, futbolista galo, en el marco de una campa\u00f1a publicitaria. El exdeportista brasile\u00f1o fue operado de la cadera en 2012 y cinco a\u00f1os despu\u00e9s sorprendi\u00f3 su aparici\u00f3n en el sorteo del Mundial de Rusia 2018 en silla de ruedas. Meses despu\u00e9s volv\u00eda hacer acto de presencia, esta vez, con un andador en la ceremonia inaugural del campeonato regional de f\u00fatbol del estado de R\u00edo de Janeiro. Bromeando dijo que se trataba de sus \u00abnuevas zapatillas\u00bb.<\/p>\n\n\n\n<p>Estas \u00faltimas declaraciones sobre el estado de salud de Pel\u00e9 son solo un adelanto de la entrevista que ha concedido su hijo y que se publicar\u00e1 de forma completa este jueves. Hace dos a\u00f1os, la justicia brasile\u00f1a autoriz\u00f3 a Edson Cholbi Nascimento a ser trasladado a un r\u00e9gimen semiabierto tras ser condenado a m\u00e1s de 12 a\u00f1os de c\u00e1rcel por lavado de dinero y estar vinculado al narcotr\u00e1fico en 2005.<\/p>\n\n\n\n<p><strong>Fuente:<\/strong> elpa\u00eds<\/p>\n","protected":false},"excerpt":{"rendered":"<p>Edson Arantes do Nascimento, Pel\u00e9, sufre una \u00abcierta depresi\u00f3n\u00bb debido a sus problemas de movilidad. As\u00ed lo ha contado su hijo Edson Cholbi Nascimento, exportero brasile\u00f1o en una entrevista con el portal Globoesporte. A la leyenda del f\u00fatbol, que ahora tiene 79 a\u00f1os, le cuesta caminar y necesita la ayuda de un andador. Pero a [&hellip;]<\/p>\n","protected":false},"author":2,"featured_media":76629,"comment_status":"open","ping_status":"open","sticky":false,"template":"","format":"standard","meta":{"footnotes":""},"categories":[7],"tags":[],"class_list":["post-76628","post","type-post","status-publish","format-standard","has-post-thumbnail","hentry","category-deportes"],"_links":{"self":[{"href":"http:\/\/elcuartopoder.com.mx\/nw\/wp-json\/wp\/v2\/posts\/76628","targetHints":{"allow":["GET"]}}],"collection":[{"href":"http:\/\/elcuartopoder.com.mx\/nw\/wp-json\/wp\/v2\/posts"}],"about":[{"href":"http:\/\/elcuartopoder.com.mx\/nw\/wp-json\/wp\/v2\/types\/post"}],"author":[{"embeddable":true,"href":"http:\/\/elcuartopoder.com.mx\/nw\/wp-json\/wp\/v2\/users\/2"}],"replies":[{"embeddable":true,"href":"http:\/\/elcuartopoder.com.mx\/nw\/wp-json\/wp\/v2\/comments?post=76628"}],"version-history":[{"count":1,"href":"http:\/\/elcuartopoder.com.mx\/nw\/wp-json\/wp\/v2\/posts\/76628\/revisions"}],"predecessor-version":[{"id":76630,"href":"http:\/\/elcuartopoder.com.mx\/nw\/wp-json\/wp\/v2\/posts\/76628\/revisions\/76630"}],"wp:featuredmedia":[{"embeddable":true,"href":"http:\/\/elcuartopoder.com.mx\/nw\/wp-json\/wp\/v2\/media\/76629"}],"wp:attachment":[{"href":"http:\/\/elcuartopoder.com.mx\/nw\/wp-json\/wp\/v2\/media?parent=76628"}],"wp:term":[{"taxonomy":"category","embeddable":true,"href":"http:\/\/elcuartopoder.com.mx\/nw\/wp-json\/wp\/v2\/categories?post=76628"},{"taxonomy":"post_tag","embeddable":true,"href":"http:\/\/elcuartopoder.com.mx\/nw\/wp-json\/wp\/v2\/tags?post=76628"}],"curies":[{"name":"wp","href":"https:\/\/api.w.org\/{rel}","templated":true}]}}