{"id":76631,"date":"2020-02-11T12:12:03","date_gmt":"2020-02-11T17:12:03","guid":{"rendered":"http:\/\/elcuartopoder.com.mx\/nw\/?p=76631"},"modified":"2020-02-11T12:12:07","modified_gmt":"2020-02-11T17:12:07","slug":"demita-vega-va-a-tokio-2020-por-sus-terceros-juegos-olimpicos","status":"publish","type":"post","link":"http:\/\/elcuartopoder.com.mx\/nw\/entretenimiento\/deportes\/demita-vega-va-a-tokio-2020-por-sus-terceros-juegos-olimpicos\/","title":{"rendered":"Demita Vega va a Tokio 2020 por sus terceros juegos ol\u00edmpicos"},"content":{"rendered":"\n<p>Ciudad de M\u00e9xico.- La regatista Demita Vega abraza la maternidad y su carrera deportiva hacia Tokio 2020.<\/p>\n\n\n\n<p><strong>La medallista panamericana&nbsp;<\/strong>dio a luz a su peque\u00f1a hija Aliz\u00e9, el 30 de diciembre de 2017, y fue ah\u00ed donde comenz\u00f3 un nuevo viaje lleno de aprendizajes que la hicieron compaginar la vida personal y profesional, incluso tras un 2019 con sabor amargo dud\u00f3 en continuar en el proceso ol\u00edmpico a la justa nipona.<\/p>\n\n\n\n<p>En la pasada Copa del Mundo de Miami firm\u00f3 su nombre en la contrase\u00f1a que la llevar\u00e1 a&nbsp;<strong>sus terceros Juegos Ol\u00edmpicos<\/strong>, tras Beijing 2008 y R\u00edo 2016.<\/p>\n\n\n\n<p>\u00abFue un a\u00f1o de muchos cambios, adaptarme a muchas cosas, regresar a la competencia siendo mam\u00e1, con cambio de entrenador, no sab\u00eda bien c\u00f3mo conseguir los resultados que quer\u00eda.<\/p>\n\n\n\n<p>\u00abPero, detr\u00e1s de esa duda siempre hab\u00eda el deseo de hacerlo bien y de la oportunidad tan grande de ir a los Juegos Ol\u00edmpicos, si no hubiera ido me hubiera preguntado qu\u00e9 hubiera pasado y al menos ahora tengo la respuesta\u00bb, dijo Vega v\u00eda telef\u00f3nica desde Cozumel.<\/p>\n\n\n\n<p><strong>M\u00e9xico contar\u00e1 con cuatro representantes en la vela, algo que no suced\u00eda desde 1984.<\/strong><\/p>\n\n\n\n<p><strong>..\u00bfQu\u00e9 significado tiene firmar tu nombre para Tokio 2020?&nbsp;<\/strong>Son muchas cosas, desde septiembre me plante\u00e9 la decisi\u00f3n de seguir o no, empec\u00e9 a dudar de mi capacidad. El significado es muy grande porque s\u00e9 que fue una buena decisi\u00f3n, de todas las personas que colaboraron para que se fuera dando. Ha sido muy dif\u00edcil para m\u00ed separarme de mi hija bastantes d\u00edas por conseguir una meta, es una ense\u00f1anza de que la perseverancia y dedicaci\u00f3n paga.<\/p>\n\n\n\n<p><strong>..\u00bfPor qu\u00e9 dudaste?&nbsp;<\/strong>El a\u00f1o pasado no fue muy bueno para m\u00ed en cuanto a resultados. S\u00f3lo en una competencia de cuatro consegu\u00ed el objetivo que fue clasificar a los Juegos Panamericanos y ah\u00ed no tuve el desempe\u00f1o que quer\u00eda, termin\u00e9 quinta cuando yo quer\u00eda conseguir una medalla. Regres\u00e9 a competir cuando mi hija ten\u00eda 5 meses, para el selectivo de Centroamericanos de Barranquilla 2018, pero luego mi categor\u00eda no se abri\u00f3 y se vino un 2019 de muchos altibajos para m\u00ed.<\/p>\n\n\n\n<p><strong>..\u00bfC\u00f3mo combinas ser mam\u00e1 y deportista de alto rendimiento?&nbsp;<\/strong>Han sido muchos retos. Nadie sabe c\u00f3mo ser mam\u00e1. He sido muy aprensiva. Fue hasta el Campeonato Mundial del a\u00f1o pasado que me di cuenta que no era buena viajar con ella a todas las competencias porque no pod\u00eda concentrarme y s\u00f3lo pensaba en si estaba bien o hab\u00eda comido, me saltaba la parte de la recuperaci\u00f3n para estar con ella.&nbsp;<strong>Ha sido mucho aprendizaje<\/strong>&nbsp;personal y un reconocimiento a todas las madres.<\/p>\n\n\n\n<p><strong>..\u00bfQu\u00e9 aprendizaje te llevaste de tus primeros Juegos Ol\u00edmpicos?&nbsp;<\/strong>M\u00e1s conocimiento en la parte t\u00e1ctica, antes s\u00f3lo hacia el esfuerzo, pero no el juego mental y ahora puedo hacer los dos.<\/p>\n\n\n\n<p><strong>..\u00bfC\u00f3mo te imaginas Tokio 2020?&nbsp;<\/strong>Buscaba ir, no lo ten\u00eda claro, apenas me est\u00e1 cayendo el veinte.<\/p>\n\n\n\n<p><strong>..\u00bfC\u00f3mo te prepararas?&nbsp;<\/strong>Quiero hacer dos o tres competencias a nivel internacional y una Copa del Mundo en Jap\u00f3n, pero a los Juegos ser\u00e1 de las m\u00e1s importantes.<\/p>\n\n\n\n<p><strong>Tengo que estructurar bien el plan de c\u00f3mo va a quedar<\/strong>. Esa la voy a hacer con mi entrenador, mi esposo hace toda la planificaci\u00f3n, fue mi entrenador durante 13 a\u00f1os. Trabajamos de forma independiente, estoy buscando entrenador que me dio seguimiento en Miami donde terminamos con el primer lugar con Jaime Castro.<\/p>\n\n\n\n<p><strong>Fuente:<\/strong> SIPSE<\/p>\n","protected":false},"excerpt":{"rendered":"<p>Ciudad de M\u00e9xico.- La regatista Demita Vega abraza la maternidad y su carrera deportiva hacia Tokio 2020. La medallista panamericana&nbsp;dio a luz a su peque\u00f1a hija Aliz\u00e9, el 30 de diciembre de 2017, y fue ah\u00ed donde comenz\u00f3 un nuevo viaje lleno de aprendizajes que la hicieron compaginar la vida personal y profesional, incluso tras [&hellip;]<\/p>\n","protected":false},"author":2,"featured_media":76632,"comment_status":"open","ping_status":"open","sticky":false,"template":"","format":"standard","meta":{"footnotes":""},"categories":[7],"tags":[],"class_list":["post-76631","post","type-post","status-publish","format-standard","has-post-thumbnail","hentry","category-deportes"],"_links":{"self":[{"href":"http:\/\/elcuartopoder.com.mx\/nw\/wp-json\/wp\/v2\/posts\/76631","targetHints":{"allow":["GET"]}}],"collection":[{"href":"http:\/\/elcuartopoder.com.mx\/nw\/wp-json\/wp\/v2\/posts"}],"about":[{"href":"http:\/\/elcuartopoder.com.mx\/nw\/wp-json\/wp\/v2\/types\/post"}],"author":[{"embeddable":true,"href":"http:\/\/elcuartopoder.com.mx\/nw\/wp-json\/wp\/v2\/users\/2"}],"replies":[{"embeddable":true,"href":"http:\/\/elcuartopoder.com.mx\/nw\/wp-json\/wp\/v2\/comments?post=76631"}],"version-history":[{"count":1,"href":"http:\/\/elcuartopoder.com.mx\/nw\/wp-json\/wp\/v2\/posts\/76631\/revisions"}],"predecessor-version":[{"id":76633,"href":"http:\/\/elcuartopoder.com.mx\/nw\/wp-json\/wp\/v2\/posts\/76631\/revisions\/76633"}],"wp:featuredmedia":[{"embeddable":true,"href":"http:\/\/elcuartopoder.com.mx\/nw\/wp-json\/wp\/v2\/media\/76632"}],"wp:attachment":[{"href":"http:\/\/elcuartopoder.com.mx\/nw\/wp-json\/wp\/v2\/media?parent=76631"}],"wp:term":[{"taxonomy":"category","embeddable":true,"href":"http:\/\/elcuartopoder.com.mx\/nw\/wp-json\/wp\/v2\/categories?post=76631"},{"taxonomy":"post_tag","embeddable":true,"href":"http:\/\/elcuartopoder.com.mx\/nw\/wp-json\/wp\/v2\/tags?post=76631"}],"curies":[{"name":"wp","href":"https:\/\/api.w.org\/{rel}","templated":true}]}}