{"id":76649,"date":"2020-02-12T09:40:47","date_gmt":"2020-02-12T14:40:47","guid":{"rendered":"http:\/\/elcuartopoder.com.mx\/nw\/?p=76649"},"modified":"2020-02-12T09:40:49","modified_gmt":"2020-02-12T14:40:49","slug":"en-pumas-no-se-confian-de-su-invicto-en-el-clausura-2020","status":"publish","type":"post","link":"http:\/\/elcuartopoder.com.mx\/nw\/entretenimiento\/deportes\/en-pumas-no-se-confian-de-su-invicto-en-el-clausura-2020\/","title":{"rendered":"En Pumas no se conf\u00edan de su invicto en el Clausura 2020"},"content":{"rendered":"\n<p><strong>Pumas inici\u00f3 el Clausura 2020 con el pie derecho, el cuadro del Pedregal no ha perdido en las primeras cinco fechas y es el \u00fanico cuadro invicto en la Liga MX. A pesar de eso, Juan Dinenno no se conf\u00eda y asegur\u00f3 que no han ganado nada en el torneo.<\/strong><\/p>\n\n\n\n<p>\u201c<strong>Es un grupo que no se conforma<\/strong>, sabemos que la liga es muy competitiva. No hay manera de poder relajarse, no hemos ganado apenas han pasado cinco fechas,&nbsp;<strong>solamente hemos hecho cinco partidos buenos, pero todav\u00eda hay margen para mejorar<\/strong>\u201d afirm\u00f3 Dinenno en conferencia de prensa.&nbsp;<\/p>\n\n\n\n<p>Por otro lado el argentino destac\u00f3 la calidad de la liga mexicana: \u201c<strong>Camilo (Atlas) y yo coincidimos que es una liga muy competitiva,<\/strong>\u00a0muy linda para cualquiera de los jugadores y sobretodo para los que vivimos de esto. Es una liga muy respetada a nivel mundial y por eso fue tanto el entusiasmo de venir\u201d.<\/p>\n\n\n\n<figure class=\"wp-block-embed-twitter wp-block-embed is-type-rich is-provider-twitter\"><div class=\"wp-block-embed__wrapper\">\n<blockquote class=\"twitter-tweet\" data-width=\"550\" data-dnt=\"true\"><p lang=\"es\" dir=\"ltr\">Dinenno:<br><br>Estoy en una instituci\u00f3n grande, no me escapo de eso\u2705<br><br>Se qu\u00e9 vengo a rendir, a demostrarlo en la cancha \u2705<br><br>En la posici\u00f3n que me pongan tengo que responder \u2705<a href=\"https:\/\/twitter.com\/ASMexico?ref_src=twsrc%5Etfw\">@ASMexico<\/a> <a href=\"https:\/\/t.co\/MMvjQEpqiZ\">pic.twitter.com\/MMvjQEpqiZ<\/a><\/p>&mdash; Erick De la Rosa (@ErickDLR290199) <a href=\"https:\/\/twitter.com\/ErickDLR290199\/status\/1227300194787745792?ref_src=twsrc%5Etfw\">February 11, 2020<\/a><\/blockquote><script async src=\"https:\/\/platform.twitter.com\/widgets.js\" charset=\"utf-8\"><\/script>\n<\/div><\/figure>\n\n\n\n<p>Finalmente el ex-Deportivo Cali asegur\u00f3 que&nbsp;<strong>viene a pelear un lugar en el cuadro titular<\/strong>&nbsp;y sabe que la&nbsp;<strong>responsabilidad de goles estar\u00e1 entre Carlos Gonz\u00e1lez y \u00e9l<\/strong>: \u201cCharly es un jugador que ha demostrado su calidad en los a\u00f1os que ha estado aqu\u00ed. Yo apenas vengo llegando pero se a lo que me trajeron.&nbsp;<strong>Es una posibilidad (jugar con dos centros delanteros) pero ese depende del mister<\/strong>, me tengo que acoplar con todos, no solamente con Carlos\u00bb. sentenci\u00f3.<\/p>\n\n\n\n<h4 class=\"wp-block-heading\">Nicol\u00e1s Freire volvi\u00f3 a los entrenamientos<\/h4>\n\n\n\n<p>El central argentino\u00a0<strong>volvi\u00f3 a tener actividad en los ejercicios con el primer equipo<\/strong>. Despu\u00e9s de una lesi\u00f3n en la rodilla derecha, el sudamericano tuvo contacto con el bal\u00f3n y entren\u00f3 con los suplentes. Recordar que\u00a0<strong>Johan Vazquez fue solicitado por Michel para suplir la baja de Freire<\/strong>, pero el ex-Rayados tendr\u00e1 actividad en el preol\u00edmpico, por lo que el argentino\u00a0<strong>volver\u00eda a la titularidad.<\/strong><\/p>\n\n\n\n<p><strong>Fuente: <\/strong>AS<\/p>\n","protected":false},"excerpt":{"rendered":"<p>Pumas inici\u00f3 el Clausura 2020 con el pie derecho, el cuadro del Pedregal no ha perdido en las primeras cinco fechas y es el \u00fanico cuadro invicto en la Liga MX. A pesar de eso, Juan Dinenno no se conf\u00eda y asegur\u00f3 que no han ganado nada en el torneo. \u201cEs un grupo que no [&hellip;]<\/p>\n","protected":false},"author":2,"featured_media":76650,"comment_status":"open","ping_status":"open","sticky":false,"template":"","format":"standard","meta":{"footnotes":""},"categories":[7],"tags":[],"class_list":["post-76649","post","type-post","status-publish","format-standard","has-post-thumbnail","hentry","category-deportes"],"_links":{"self":[{"href":"http:\/\/elcuartopoder.com.mx\/nw\/wp-json\/wp\/v2\/posts\/76649","targetHints":{"allow":["GET"]}}],"collection":[{"href":"http:\/\/elcuartopoder.com.mx\/nw\/wp-json\/wp\/v2\/posts"}],"about":[{"href":"http:\/\/elcuartopoder.com.mx\/nw\/wp-json\/wp\/v2\/types\/post"}],"author":[{"embeddable":true,"href":"http:\/\/elcuartopoder.com.mx\/nw\/wp-json\/wp\/v2\/users\/2"}],"replies":[{"embeddable":true,"href":"http:\/\/elcuartopoder.com.mx\/nw\/wp-json\/wp\/v2\/comments?post=76649"}],"version-history":[{"count":1,"href":"http:\/\/elcuartopoder.com.mx\/nw\/wp-json\/wp\/v2\/posts\/76649\/revisions"}],"predecessor-version":[{"id":76651,"href":"http:\/\/elcuartopoder.com.mx\/nw\/wp-json\/wp\/v2\/posts\/76649\/revisions\/76651"}],"wp:featuredmedia":[{"embeddable":true,"href":"http:\/\/elcuartopoder.com.mx\/nw\/wp-json\/wp\/v2\/media\/76650"}],"wp:attachment":[{"href":"http:\/\/elcuartopoder.com.mx\/nw\/wp-json\/wp\/v2\/media?parent=76649"}],"wp:term":[{"taxonomy":"category","embeddable":true,"href":"http:\/\/elcuartopoder.com.mx\/nw\/wp-json\/wp\/v2\/categories?post=76649"},{"taxonomy":"post_tag","embeddable":true,"href":"http:\/\/elcuartopoder.com.mx\/nw\/wp-json\/wp\/v2\/tags?post=76649"}],"curies":[{"name":"wp","href":"https:\/\/api.w.org\/{rel}","templated":true}]}}