{"id":76658,"date":"2020-02-12T09:54:09","date_gmt":"2020-02-12T14:54:09","guid":{"rendered":"http:\/\/elcuartopoder.com.mx\/nw\/?p=76658"},"modified":"2020-02-12T09:54:11","modified_gmt":"2020-02-12T14:54:11","slug":"inversion-inmobiliaria-prosigue","status":"publish","type":"post","link":"http:\/\/elcuartopoder.com.mx\/nw\/destacadas\/inversion-inmobiliaria-prosigue\/","title":{"rendered":"Inversi\u00f3n inmobiliaria prosigue"},"content":{"rendered":"\n<p>PLAYA DEL CARMEN, SOLIDARIDAD.- A pesar de las expectativas econ\u00f3micas para el pa\u00eds durante 2020, las inversiones en la industria inmobiliaria siguen gener\u00e1ndose y encontrando una estabilizaci\u00f3n en estos primeros dos meses del a\u00f1o, mientras que el 2019 cerraron con un crecimiento del 6 por ciento, arriba de la media nacional, afirm\u00f3 el presidente de la Fundaci\u00f3n para la Inversi\u00f3n en la Riviera Maya, W\u00edlbert Guti\u00e9rrez \u00c1lvarez.<\/p>\n\n\n\n<p>Guti\u00e9rrez \u00c1lvarez detall\u00f3 que los proyectos inmobiliarios est\u00e1n avanzando y se sigue vendiendo, aunque quiz\u00e1s no todos realizan tantas transacciones como querr\u00edan, pero hay flujo.<\/p>\n\n\n\n<p>Sin embargo, reconoci\u00f3 que hay cierta reserva de los inversionistas para el flujo de sus capitales por la situaci\u00f3n econ\u00f3mica del pa\u00eds de manera general, donde la privada todav\u00eda no se tiene en la medida de que deber\u00eda ser, incluso pasa lo mismo con la inversi\u00f3n p\u00fablica.<\/p>\n\n\n\n<p>\u201cLa gente s\u00ed est\u00e1 comprando, s\u00ed est\u00e1 invirtiendo, pero al mismo tiempo no deja de tener cierto nivel de reserva en cuanto a la toma de decisiones. A pesar de ello sentimos que la econom\u00eda est\u00e1 caminando, quiz\u00e1s un poco m\u00e1s despacio de lo deseable aunque lo importante es que hay movimiento\u201d, a\u00f1adi\u00f3.<\/p>\n\n\n\n<p>Comparado al 2019, destac\u00f3 que el primer semestre del a\u00f1o pasado la incertidumbre era mayor que la que hoy se tienen, pareciera que las inversiones se est\u00e1n asentando y se empiezan a reactivar, aunque con mucha prudencia.<\/p>\n\n\n\n<p>El presidente de la Fundaci\u00f3n para la Inversi\u00f3n en la Riviera Maya cit\u00f3 que ser\u00eda prematuro hablar de un promedio de crecimiento para este a\u00f1o, pero debe tomarse en cuenta que el 2019 cerr\u00f3 con un crecimiento en la inversi\u00f3n inmobiliaria del 6 por ciento, tendencia que sigue su ritmo para este 2020 y sigue arriba de la media nacional, aunque por debajo de lo que se estaba acostumbrado en la zona.<\/p>\n\n\n\n<p><strong>Fuente: <\/strong>POR ESTO!<\/p>\n","protected":false},"excerpt":{"rendered":"<p>PLAYA DEL CARMEN, SOLIDARIDAD.- A pesar de las expectativas econ\u00f3micas para el pa\u00eds durante 2020, las inversiones en la industria inmobiliaria siguen gener\u00e1ndose y encontrando una estabilizaci\u00f3n en estos primeros dos meses del a\u00f1o, mientras que el 2019 cerraron con un crecimiento del 6 por ciento, arriba de la media nacional, afirm\u00f3 el presidente de [&hellip;]<\/p>\n","protected":false},"author":2,"featured_media":76659,"comment_status":"open","ping_status":"open","sticky":false,"template":"","format":"standard","meta":{"footnotes":""},"categories":[59,60],"tags":[],"class_list":["post-76658","post","type-post","status-publish","format-standard","has-post-thumbnail","hentry","category-destacadas","category-estatales"],"_links":{"self":[{"href":"http:\/\/elcuartopoder.com.mx\/nw\/wp-json\/wp\/v2\/posts\/76658","targetHints":{"allow":["GET"]}}],"collection":[{"href":"http:\/\/elcuartopoder.com.mx\/nw\/wp-json\/wp\/v2\/posts"}],"about":[{"href":"http:\/\/elcuartopoder.com.mx\/nw\/wp-json\/wp\/v2\/types\/post"}],"author":[{"embeddable":true,"href":"http:\/\/elcuartopoder.com.mx\/nw\/wp-json\/wp\/v2\/users\/2"}],"replies":[{"embeddable":true,"href":"http:\/\/elcuartopoder.com.mx\/nw\/wp-json\/wp\/v2\/comments?post=76658"}],"version-history":[{"count":1,"href":"http:\/\/elcuartopoder.com.mx\/nw\/wp-json\/wp\/v2\/posts\/76658\/revisions"}],"predecessor-version":[{"id":76660,"href":"http:\/\/elcuartopoder.com.mx\/nw\/wp-json\/wp\/v2\/posts\/76658\/revisions\/76660"}],"wp:featuredmedia":[{"embeddable":true,"href":"http:\/\/elcuartopoder.com.mx\/nw\/wp-json\/wp\/v2\/media\/76659"}],"wp:attachment":[{"href":"http:\/\/elcuartopoder.com.mx\/nw\/wp-json\/wp\/v2\/media?parent=76658"}],"wp:term":[{"taxonomy":"category","embeddable":true,"href":"http:\/\/elcuartopoder.com.mx\/nw\/wp-json\/wp\/v2\/categories?post=76658"},{"taxonomy":"post_tag","embeddable":true,"href":"http:\/\/elcuartopoder.com.mx\/nw\/wp-json\/wp\/v2\/tags?post=76658"}],"curies":[{"name":"wp","href":"https:\/\/api.w.org\/{rel}","templated":true}]}}