{"id":76860,"date":"2020-02-19T10:38:17","date_gmt":"2020-02-19T15:38:17","guid":{"rendered":"http:\/\/elcuartopoder.com.mx\/nw\/?p=76860"},"modified":"2020-02-19T10:38:19","modified_gmt":"2020-02-19T15:38:19","slug":"envian-iniciativa-al-congreso-de-la-union-para-retirar-fuero-al-presidente","status":"publish","type":"post","link":"http:\/\/elcuartopoder.com.mx\/nw\/varios\/envian-iniciativa-al-congreso-de-la-union-para-retirar-fuero-al-presidente\/","title":{"rendered":"Env\u00edan iniciativa al Congreso de la uni\u00f3n para retirar fuero al Presidente"},"content":{"rendered":"\n<p>La C\u00e1mara de Diputados recibi\u00f3 por segunda ocasi\u00f3n la iniciativa del Ejecutivo federal que reforma los art\u00edculos 108 y 111 de la carta magna, para que el Presidente de la Rep\u00fablica pueda ser imputado y juzgado por traici\u00f3n a la patria, hechos de corrupci\u00f3n, delitos electorales y todos aquellos por los que podr\u00eda ser enjuiciado cualquier ciudadano com\u00fan.<\/p>\n\n\n\n<p>El documento turnado a la Comisi\u00f3n de Puntos Constitucionales precisa que para proceder penalmente contra el Presidente de la Rep\u00fablica s\u00f3lo habr\u00e1 lugar a acusarlo ante el Senado. En ese supuesto, dicha C\u00e1mara lo resolver\u00e1 con base en la legislaci\u00f3n penal aplicable.<\/p>\n\n\n\n<p>Destaca que supeditar las acciones del Presidente de la Rep\u00fablica, as\u00ed como de todos los servidores p\u00fablicos que en ejercicio de sus facultades realicen hechos delictivos, para estar sujetos a procesos penales ante las autoridades competentes, implica reforzar un Estado de derecho eficaz e igualitario que evidencie la rectitud del pa\u00eds.<\/p>\n\n\n\n<p>El 4 de diciembre de 2018, para honrar uno de los compromisos de la campa\u00f1a electoral, el Ejecutivo envi\u00f3 al Congreso de la Uni\u00f3n la iniciativa con proyecto de decreto por el que se reforman los art\u00edculos 108 y 111 de la Constituci\u00f3n, con el prop\u00f3sito de retirar el fuero al Presidente de la Rep\u00fablica.<\/p>\n\n\n\n<p>Ello cuando se le acusara de cometer una serie de delitos que \u201cson de extrema gravedad y que causan un severo da\u00f1o al Estado y pueblo mexicano\u201d.<\/p>\n\n\n\n<p>La iniciativa fue aprobada por el Pleno del Senado, con modificaciones, el 27 marzo de 2019. Posteriormente se remiti\u00f3 como minuta a la C\u00e1mara de Diputados, en su calidad de ente revisor, el 9 abril de 2019. En ese mismo a\u00f1o, el 29 de octubre, el Pleno aprob\u00f3 con cambios el proyecto de decreto contenido en la minuta, a fin de adoptar el texto propuesto en la iniciativa.<\/p>\n\n\n\n<p>Al discutir la minuta enviada por la C\u00e1mara revisora, el 3 diciembre de 2019, el Pleno del Senado de la Rep\u00fablica rechaz\u00f3 el proyecto de decreto contenido en la misma e insisti\u00f3 en el proyecto original.<\/p>\n\n\n\n<p>Una semana despu\u00e9s, el 10 de diciembre de 2019, el Pleno de la C\u00e1mara de Diputados recibi\u00f3 la minuta correspondiente y vot\u00f3 rechazar nuevamente el texto del decreto propuesto por el Senado de la Rep\u00fablica.<\/p>\n\n\n\n<p>Ante tales actuaciones legislativas, la C\u00e1mara de Diputados hizo saber al Senado de la Rep\u00fablica, mediante oficio DGPL 64-11-3-1319, que derivado del intercambio de minutas entre ambas c\u00e1maras se actualizaba el supuesto normativo previsto en el Art\u00edculo 72, fracci\u00f3n E, de la Constituci\u00f3n Pol\u00edtica.<\/p>\n\n\n\n<p>\u201cSi la C\u00e1mara revisora insistiere. Por la mayor\u00eda absoluta de votos presentes, en dichas adiciones o reformas, todo el proyecto no volver\u00e1 a presentarse sino hasta el siguiente periodo de sesiones\u201d.<\/p>\n\n\n\n<p>El documento argumenta que a poco m\u00e1s de un a\u00f1o de haber tomado posesi\u00f3n como Presidente \u201csigo convencido de que la corrupci\u00f3n es la causa original de los males que aquejan al pa\u00eds\u201d.<\/p>\n\n\n\n<p>Por ello, a efecto de corregir ese mal comportamiento de los servidores p\u00fablicos, est\u00e1 el compromiso a gobernar con rectitud, desterrar la corrupci\u00f3n, ejercer los recursos p\u00fablicos de manera austera y abolir la impunidad.<\/p>\n\n\n\n<p>Con informaci\u00f3n de Notimex<\/p>\n\n\n\n<p><strong>Fuente:<\/strong> POR ESTO!<\/p>\n","protected":false},"excerpt":{"rendered":"<p>La C\u00e1mara de Diputados recibi\u00f3 por segunda ocasi\u00f3n la iniciativa del Ejecutivo federal que reforma los art\u00edculos 108 y 111 de la carta magna, para que el Presidente de la Rep\u00fablica pueda ser imputado y juzgado por traici\u00f3n a la patria, hechos de corrupci\u00f3n, delitos electorales y todos aquellos por los que podr\u00eda ser enjuiciado [&hellip;]<\/p>\n","protected":false},"author":2,"featured_media":76861,"comment_status":"open","ping_status":"open","sticky":false,"template":"","format":"standard","meta":{"footnotes":""},"categories":[64],"tags":[],"class_list":["post-76860","post","type-post","status-publish","format-standard","has-post-thumbnail","hentry","category-varios"],"_links":{"self":[{"href":"http:\/\/elcuartopoder.com.mx\/nw\/wp-json\/wp\/v2\/posts\/76860","targetHints":{"allow":["GET"]}}],"collection":[{"href":"http:\/\/elcuartopoder.com.mx\/nw\/wp-json\/wp\/v2\/posts"}],"about":[{"href":"http:\/\/elcuartopoder.com.mx\/nw\/wp-json\/wp\/v2\/types\/post"}],"author":[{"embeddable":true,"href":"http:\/\/elcuartopoder.com.mx\/nw\/wp-json\/wp\/v2\/users\/2"}],"replies":[{"embeddable":true,"href":"http:\/\/elcuartopoder.com.mx\/nw\/wp-json\/wp\/v2\/comments?post=76860"}],"version-history":[{"count":1,"href":"http:\/\/elcuartopoder.com.mx\/nw\/wp-json\/wp\/v2\/posts\/76860\/revisions"}],"predecessor-version":[{"id":76862,"href":"http:\/\/elcuartopoder.com.mx\/nw\/wp-json\/wp\/v2\/posts\/76860\/revisions\/76862"}],"wp:featuredmedia":[{"embeddable":true,"href":"http:\/\/elcuartopoder.com.mx\/nw\/wp-json\/wp\/v2\/media\/76861"}],"wp:attachment":[{"href":"http:\/\/elcuartopoder.com.mx\/nw\/wp-json\/wp\/v2\/media?parent=76860"}],"wp:term":[{"taxonomy":"category","embeddable":true,"href":"http:\/\/elcuartopoder.com.mx\/nw\/wp-json\/wp\/v2\/categories?post=76860"},{"taxonomy":"post_tag","embeddable":true,"href":"http:\/\/elcuartopoder.com.mx\/nw\/wp-json\/wp\/v2\/tags?post=76860"}],"curies":[{"name":"wp","href":"https:\/\/api.w.org\/{rel}","templated":true}]}}