{"id":76914,"date":"2020-02-20T20:18:01","date_gmt":"2020-02-21T01:18:01","guid":{"rendered":"http:\/\/elcuartopoder.com.mx\/nw\/?p=76914"},"modified":"2020-02-20T20:18:04","modified_gmt":"2020-02-21T01:18:04","slug":"entregar-la-concesion-no-basta-familias-de-mineros-piden-castigo-a-grupo-mexico-y-a-gomez-urrutia","status":"publish","type":"post","link":"http:\/\/elcuartopoder.com.mx\/nw\/nacionales\/entregar-la-concesion-no-basta-familias-de-mineros-piden-castigo-a-grupo-mexico-y-a-gomez-urrutia\/","title":{"rendered":"Entregar la concesi\u00f3n no basta. Familias de mineros piden castigo a Grupo M\u00e9xico y a G\u00f3mez Urrutia"},"content":{"rendered":"\n<p>Ciudad de M\u00e9xico.- A 14 a\u00f1os de la explosi\u00f3n en <strong>Pasta de Conchos<\/strong>, en Coahuila, las\u00a0<strong>familias de los 65 mineros\u00a0<\/strong>que murieron\u00a0<strong>siguen exigiendo justicia<\/strong>\u00a0y buscan que\u00a0<strong>Grupo M\u00e9xico,<\/strong>\u00a0a\u00fan propietario de la mina, reciba sanciones, pues aseguran que s\u00f3lo ha velado por sus intereses a costa del bienestar de sus trabajadores.<\/p>\n\n\n\n<p>Grupo M\u00e9xico anunci\u00f3 ayer que entregar\u00e1 al Gobierno federal la concesi\u00f3n \u201cEl Olivo\u201d, lugar donde se ubica la mina Pasta de Conchos, para que se reanuden las b\u00fasquedas, como prometi\u00f3 hace un a\u00f1o el Presidente Andr\u00e9s Manuel L\u00f3pez Obrador. Pero para familias afectadas la decisi\u00f3n s\u00f3lo muestra que la empresa de Germ\u00e1n Larrea \u201csigue actuando como lo ha hecho por a\u00f1os, lo est\u00e1 haciendo en contra de los mineros y a favor de la extracci\u00f3n del carb\u00f3n\u201d, dijo Cristina Auerbach Benavides, integrante de la organizaci\u00f3n Familia Pasta de Conchos, durante una protesta frente al Antimonumento a los fallecidos colocado en Paseo de la Reforma, Ciudad de M\u00e9xico.<\/p>\n\n\n\n<blockquote class=\"wp-block-quote is-layout-flow wp-block-quote-is-layout-flow\"><p>La defensora de derechos humanos explic\u00f3 que desde 2013 la concesi\u00f3n se dividi\u00f3 en cuatro lotes, por lo que ceder al \u201cEl Olivo\u201d, que ya no opera, Grupo M\u00e9xico \u201cest\u00e1 viendo la oportunidad de entregar un pedazo a cambio de quedarse con todo el yacimiento de carb\u00f3n y seguir operando sin garantizar la seguridad de sus trabajadores. Por eso las familias exigimos que entregue toda la concesi\u00f3n\u201d.<\/p><\/blockquote>\n\n\n\n<figure class=\"wp-block-image\"><img decoding=\"async\" src=\"https:\/\/www.sinembargo.mx\/wp-content\/uploads\/2020\/02\/pasta-de-conchos-2.jpg\" alt=\"\" class=\"wp-image-3733747\"\/><\/figure>\n\n\n\n<p>Este 19 de febrero se cumplen 14 a\u00f1os de la explosi\u00f3n en la mina&nbsp;Pasta de Conchos, en Coahuila, que provoc\u00f3 que&nbsp;65 mineros quedaran atrapados. Foto: Montserrat Ant\u00fanez, SinEmbargo.<\/p>\n\n\n\n<p>En noviembre de 2007 la Secretar\u00eda de Econom\u00eda le suspendi\u00f3 los derechos a Grupo M\u00e9xico para la extracci\u00f3n de carb\u00f3n en San Juan de Sabinas, sin embargo, durante la Presidencia de Enrique Pe\u00f1a Nieto la empresa hizo la divisi\u00f3n de lotes y sigui\u00f3 operando.<\/p>\n\n\n\n<blockquote class=\"wp-block-quote is-layout-flow wp-block-quote-is-layout-flow\"><p>A las sanciones a Grupo M\u00e9xico, que decidi\u00f3 frenar las b\u00fasquedas en abril de 2007 cuando se s\u00f3lo se hab\u00edan rescatado los cuerpos de dos trabajadores, se suma la principal exigencia de las familias que es hallar los restos de los 65 mineros que quedaron atrapados en la explosi\u00f3n por acumulaci\u00f3n de gas metano en la mina 8 de la Unidad Pasta de Conchos, que se agrav\u00f3 por las condiciones deplorables de seguridad.<\/p><\/blockquote>\n\n\n\n<p>Uno de los mineros era Mauro Antonio S\u00e1nchez Rocha, quien llevaba tres a\u00f1os trabajando en el lugar. \u201cPara nosotros como su familia es incre\u00edble saber que su cuerpo sigue ah\u00ed, bajo la tierra, y que no podamos darle la sepultura que merece despu\u00e9s de tanto a\u00f1os\u201d, coment\u00f3 a&nbsp;<strong>SinEmbargo<\/strong>&nbsp;Diego Armando S\u00e1nchez V\u00e9lez, su sobrino.<\/p>\n\n\n\n<figure class=\"wp-block-image\"><img decoding=\"async\" src=\"https:\/\/www.sinembargo.mx\/wp-content\/uploads\/2020\/02\/ppasta-de-conchos-3.jpg\" alt=\"\" class=\"wp-image-3733748\"\/><\/figure>\n\n\n\n<p>Las familias siguen exigiendo justicia y buscan que Grupo M\u00e9xico, a\u00fan propietario de la mina, reciba sanciones. Foto: Montserrat Ant\u00fanez, SinEmbargo.<\/p>\n\n\n\n<p>El 19 de febrero de 2006, el d\u00eda de la explosi\u00f3n, la familia de Mauro lo vio partir a la mina y nunca esper\u00f3 que no volver\u00eda, aunque antes otros trabajadores ya sospechaban que un incidente as\u00ed podr\u00eda ocurrir. \u201cLa mina no estaba en buenas condiciones, eso comentaban mi t\u00edo, mi hermano y mi pap\u00e1, que ya hab\u00edan trabajado ah\u00ed\u201d, record\u00f3.<\/p>\n\n\n\n<p>A 14 a\u00f1os, Diego S\u00e1nchez sigue acompa\u00f1ando la lucha de las m\u00e1s de mil v\u00edctimas indirectas de la explosi\u00f3n, hace 12 que comenz\u00f3 a trabajar en una mina de Pal\u00e1u y aunque reconoce que gracias a las exigencias se ha logrado que las empresas pongan m\u00e1s atenci\u00f3n en las condiciones de seguridad, su actuar sigue siendo insuficiente. \u201cPor eso queremos justicia por mi t\u00edo y los amigos que perdimos ese d\u00eda, as\u00ed lo que logremos ser\u00e1 tambi\u00e9n para los otros mineros\u201d.<\/p>\n\n\n\n<blockquote class=\"wp-block-quote is-layout-flow wp-block-quote-is-layout-flow\"><p>En ello coincidi\u00f3 la defensora Auerbach Benavides y opin\u00f3 que la lucha de Pastas de Conchos \u201cenciende una gran luz para otros casos\u201d porque evidencia las malas condiciones de trabajo de los mineros de todas las areas, cuya salud se deteriora por las altas cargas de trabajo.<\/p><\/blockquote>\n\n\n\n<figure class=\"wp-block-image\"><img decoding=\"async\" src=\"https:\/\/www.sinembargo.mx\/wp-content\/uploads\/2020\/02\/pasta-de-conchos-1.jpg\" alt=\"\" class=\"wp-image-3733750\"\/><\/figure>\n\n\n\n<p>piden castigo para el Senador Napole\u00f3n G\u00f3mez Urrutia, quien era dirigente del sindicato al que pertenec\u00edan 29 trabajadores. Foto: Montserrat Ant\u00fanez, SinEmbargo.<\/p>\n\n\n\n<p><strong>EL RESCATE, EL GRAN PENDIENTE<\/strong><\/p>\n\n\n\n<p>Mar\u00eda Trinidad Cant\u00fa Cort\u00e9s, perdi\u00f3 a Ra\u00fal Villancena Cort\u00e9s, su hijo, en la explosi\u00f3n, pero conf\u00eda que con el actual Gobierno federal la b\u00fasqueda continuar\u00e1. Sobre ello habl\u00f3 hoy la Secretaroa del Trabajo y Previsi\u00f3n Social, Mar\u00eda Luisa Alcalde en la conferencia matutina del Presidente L\u00f3pez Obrador, anunci\u00f3 que en octubre se reanudar\u00e1n los trabajos en Pasta de Conchos para recuperar los restos de los trabajadores.<\/p>\n\n\n\n<blockquote class=\"wp-block-quote is-layout-flow wp-block-quote-is-layout-flow\"><p>\u201cEspero que los trabajo s\u00ed inicien en octubre, que no se retrase m\u00e1s porque me inquietan los tiempos y que el sexenio termine porque ya tenemos como antecedente que las respuestas de los gobiernos del PAN y PRI han sido negativas\u201d, mencion\u00f3 Elvira Mart\u00ednez, viuda del minero Jorge Vladimir Mu\u00f1oz.<\/p><\/blockquote>\n\n\n\n<p>La Secretaria Mar\u00eda Luisa Alcalde explic\u00f3 que ser\u00e1 hasta marzo cuando el Servicio Geol\u00f3gico Mexicano concluya un estudio que permitir\u00e1 decidir c\u00f3mo reanudar la b\u00fasqueda.<\/p>\n\n\n\n<p>La reuniones para retomar el tema desde el Gobierno federal iniciaron en mayo de 2019, cuando se instal\u00f3 el Comit\u00e9 para la Reparaci\u00f3n y la Justicia en Pasta de Conchos por indicaci\u00f3n directa del Jefe del Ejecutivo, adem\u00e1s de la Secretar\u00eda del Trabajo en \u00e9l participan familias de las v\u00edctimas.<\/p>\n\n\n\n<blockquote class=\"wp-block-quote is-layout-flow wp-block-quote-is-layout-flow\"><p>Cristina Auerbach reconoci\u00f3 la voluntad pol\u00edtica del Gobierno federal pero record\u00f3 que lo alcanzado hasta ahora es un logro de las familias que no han frenado sus exigencias.<\/p><\/blockquote>\n\n\n\n<p><strong>FALTAN SANCIONES: FAMILIAS<\/strong><\/p>\n\n\n\n<p>Adem\u00e1s de los a\u00f1os sin justicia las familias de los mineros han tenido que enfrentarse a agresiones y difamaciones mismas que se reforzaron luego del anuncio del Presidente L\u00f3pez Obrador para retomar la b\u00fasqueda. Se\u00f1alan que detr\u00e1s de los ataque est\u00e1 otro responsable de la tragedia que sigue sin ser sancionado: Napole\u00f3n G\u00f3mez Urrutia.<\/p>\n\n\n\n<p>En entrevista con este diario digital Cristina Auerbach denunci\u00f3 que la Familia Pasta de Conchos ha detectado que delegados cercanos al actual Senador y presidente de la Confederaci\u00f3n Internacional de Trabajadores que se oponen a su lucha y gestionan con medios locales campa\u00f1as de difamaci\u00f3n.<\/p>\n\n\n\n<blockquote class=\"wp-block-quote is-layout-flow wp-block-quote-is-layout-flow\"><p>\u201cLa oposici\u00f3n la hemos enfrentado todos estos a\u00f1os, pero ahora es diferente porque perciben que la b\u00fasqueda s\u00ed se va a hacer y hay muchos sectores muy molestos y gente del sindicato de Napole\u00f3n G\u00f3mez Urrutia en una permanente campa\u00f1a de difamaci\u00f3n y descalificaci\u00f3n de nuestro trabajo con intentos de agresi\u00f3n porque \u00e9l no est\u00e1 en el Comit\u00e9 para la recuperaci\u00f3n y justicia en Pasta de Conchos\u201d, asegur\u00f3.<\/p><\/blockquote>\n\n\n\n<p>La defensora abund\u00f3 que adem\u00e1s del rescate las familias buscan que los responsables paguen por sus errores. \u201cNo se castig\u00f3 a nadie y debe hacerse para que no vuelva a suceder\u201d, dijo.<\/p>\n\n\n\n<blockquote class=\"wp-block-quote is-layout-flow wp-block-quote-is-layout-flow\"><p>Durante a\u00f1os, el Senador G\u00f3mez Urrutia ha negado su responsabilidad en el incidente, incluso hoy defendi\u00f3 que el Sindicato Nacional de Trabajadores Minero, Metal\u00fargica Sider\u00fargicos y Similares que dirige denunci\u00f3 penalmente a Grupo M\u00e9xico en varias ocasiones por homicidio industrial y negligencia, tambi\u00e9n opin\u00f3 que Germ\u00e1n Larrea busca eludir sus responsabilidad al regresar al Gobierno la concesi\u00f3n de la mina.<\/p><\/blockquote>\n\n\n\n<p>G\u00f3mez Urrutia era dirigente del Sindicato Minero al que pertenec\u00edan 29 de los trabajadores que quedaron atrapados y ha sido se\u00f1alado por incumplir con la cl\u00e1usula del contrato colectivo de los mineros que se\u00f1alaba que si los trabajadores estaban en riesgo, o si sent\u00edan que estaban en riesgo pod\u00edan salirse de la mina, \u201cpero \u00e9l jam\u00e1s vel\u00f3 por sus trabajadores, no dio esa orden. Lo que s\u00ed hac\u00eda, y han denunciado las familias, es cobrar cuotas sindicales a los mineros contratados por outsorcing\u201d, record\u00f3 Cristina Auerbach.<\/p>\n\n\n\n<blockquote class=\"wp-block-quote is-layout-flow wp-block-quote-is-layout-flow\"><p>Mientras que sobre Grupo M\u00e9xico pesa la decisi\u00f3n de ignorar los reportes de fallas de seguridad en la mina que hab\u00eda desde el 2000. Incluso en la \u00faltima inspecci\u00f3n, la del 12 de julio de 2004, se derectaron 43 violaciones directas a la norma de seguridad e higiene y se ordenaron 48 medidas, de urgencia, pero fueron ignoradas.<\/p><\/blockquote>\n\n\n\n<p>Por estos hechos, las familias acudieron a la Comisi\u00f3n Interamericana de Derechos Humanos para denunciar al Estado mexicano por sus omisiones y en 2018 el caso fue admitido. Desde entonces se plante\u00f3 que las v\u00edctimas podr\u00edan aceptar una soluci\u00f3n amistosa sin que se decrete una sanci\u00f3n internacional contra el Gobierno actual, pero para llegar a ella, record\u00f3 hoy Stephanie Erin Brewer, Coordinadora del \u00c1rea internacional del Centro Prodh, \u201ces una condici\u00f3n indispensable que se recuperen los restos de los 65 mineros\u201d.<\/p>\n\n\n\n<p><strong>Fuente:<\/strong> sinembargo<\/p>\n","protected":false},"excerpt":{"rendered":"<p>Ciudad de M\u00e9xico.- A 14 a\u00f1os de la explosi\u00f3n en Pasta de Conchos, en Coahuila, las\u00a0familias de los 65 mineros\u00a0que murieron\u00a0siguen exigiendo justicia\u00a0y buscan que\u00a0Grupo M\u00e9xico,\u00a0a\u00fan propietario de la mina, reciba sanciones, pues aseguran que s\u00f3lo ha velado por sus intereses a costa del bienestar de sus trabajadores. Grupo M\u00e9xico anunci\u00f3 ayer que entregar\u00e1 al [&hellip;]<\/p>\n","protected":false},"author":2,"featured_media":76915,"comment_status":"open","ping_status":"open","sticky":false,"template":"","format":"standard","meta":{"footnotes":""},"categories":[59,55],"tags":[],"class_list":["post-76914","post","type-post","status-publish","format-standard","has-post-thumbnail","hentry","category-destacadas","category-nacionales"],"_links":{"self":[{"href":"http:\/\/elcuartopoder.com.mx\/nw\/wp-json\/wp\/v2\/posts\/76914","targetHints":{"allow":["GET"]}}],"collection":[{"href":"http:\/\/elcuartopoder.com.mx\/nw\/wp-json\/wp\/v2\/posts"}],"about":[{"href":"http:\/\/elcuartopoder.com.mx\/nw\/wp-json\/wp\/v2\/types\/post"}],"author":[{"embeddable":true,"href":"http:\/\/elcuartopoder.com.mx\/nw\/wp-json\/wp\/v2\/users\/2"}],"replies":[{"embeddable":true,"href":"http:\/\/elcuartopoder.com.mx\/nw\/wp-json\/wp\/v2\/comments?post=76914"}],"version-history":[{"count":1,"href":"http:\/\/elcuartopoder.com.mx\/nw\/wp-json\/wp\/v2\/posts\/76914\/revisions"}],"predecessor-version":[{"id":76916,"href":"http:\/\/elcuartopoder.com.mx\/nw\/wp-json\/wp\/v2\/posts\/76914\/revisions\/76916"}],"wp:featuredmedia":[{"embeddable":true,"href":"http:\/\/elcuartopoder.com.mx\/nw\/wp-json\/wp\/v2\/media\/76915"}],"wp:attachment":[{"href":"http:\/\/elcuartopoder.com.mx\/nw\/wp-json\/wp\/v2\/media?parent=76914"}],"wp:term":[{"taxonomy":"category","embeddable":true,"href":"http:\/\/elcuartopoder.com.mx\/nw\/wp-json\/wp\/v2\/categories?post=76914"},{"taxonomy":"post_tag","embeddable":true,"href":"http:\/\/elcuartopoder.com.mx\/nw\/wp-json\/wp\/v2\/tags?post=76914"}],"curies":[{"name":"wp","href":"https:\/\/api.w.org\/{rel}","templated":true}]}}