{"id":77496,"date":"2020-03-12T12:31:38","date_gmt":"2020-03-12T17:31:38","guid":{"rendered":"http:\/\/elcuartopoder.com.mx\/nw\/?p=77496"},"modified":"2020-03-12T12:31:41","modified_gmt":"2020-03-12T17:31:41","slug":"es-oficial-cancelan-la-feria-de-videojuegos-e3-por-coronavirus","status":"publish","type":"post","link":"http:\/\/elcuartopoder.com.mx\/nw\/entretenimiento\/tecnologia\/es-oficial-cancelan-la-feria-de-videojuegos-e3-por-coronavirus\/","title":{"rendered":"Es oficial: Cancelan la feria de videojuegos E3 por coronavirus"},"content":{"rendered":"\n<p class=\"wp-block-paragraph\">Estados Unidos .-La Asociaci\u00f3n de Software de Entretenimiento (<strong>ESA<\/strong>), por sus siglas en ingl\u00e9s), anunci\u00f3 este mi\u00e9rcoles que la feria<strong>&nbsp;E3<\/strong>, la m\u00e1s grande del mundo sobre videojuegos,&nbsp;<strong>ser\u00e1 cancelada este a\u00f1o<\/strong>.<\/p>\n\n\n\n<h4 class=\"wp-block-heading\">E3 2020<\/h4>\n\n\n\n<p class=\"wp-block-paragraph\">El\u00a0<strong>E3<\/strong>\u00a0iba a celebrarse del 9 al 11 de junio en el\u00a0<strong>Centro de Convenciones de Los \u00c1ngeles<\/strong>, donde ha sido atendido desde 1995.<\/p>\n\n\n\n<figure class=\"wp-block-embed-twitter wp-block-embed is-type-rich is-provider-twitter\"><div class=\"wp-block-embed__wrapper\">\n<blockquote class=\"twitter-tweet\" data-width=\"550\" data-dnt=\"true\"><p lang=\"en\" dir=\"ltr\">Gamer? Premium? Industry? Media? No matter how you go, we&#39;ve got your badge waiting for you. Register for <a href=\"https:\/\/twitter.com\/hashtag\/E32020?src=hash&amp;ref_src=twsrc%5Etfw\">#E32020<\/a> today &#8211;&gt; <a href=\"https:\/\/t.co\/6UJv3ylBzN\">https:\/\/t.co\/6UJv3ylBzN<\/a> <a href=\"https:\/\/t.co\/BN0r1S17Tg\">pic.twitter.com\/BN0r1S17Tg<\/a><\/p>&mdash; E3 (@E3) <a href=\"https:\/\/twitter.com\/E3\/status\/1233132110254419971?ref_src=twsrc%5Etfw\">February 27, 2020<\/a><\/blockquote><script async src=\"https:\/\/platform.twitter.com\/widgets.js\" charset=\"utf-8\"><\/script>\n<\/div><\/figure>\n\n\n\n<p class=\"wp-block-paragraph\"><strong>ESA<\/strong>&nbsp;por medio de un comunicado, anunci\u00f3:<\/p>\n\n\n\n<p class=\"wp-block-paragraph\">\u00abDespu\u00e9s de una cuidadosa consulta con nuestras empresas miembros acerca de la salud y seguridad de todos en nuestra industria, (nuestros fans, nuestros empleados, nuestros expositores y socios de la E3) hemos tomado la dif\u00edcil decisi\u00f3n de cancelar\u00a0<strong>E3 2020<\/strong>\u00ab, indic\u00f3.<\/p>\n\n\n\n<figure class=\"wp-block-embed-twitter wp-block-embed is-type-rich is-provider-twitter\"><div class=\"wp-block-embed__wrapper\">\n<blockquote class=\"twitter-tweet\" data-width=\"550\" data-dnt=\"true\"><p lang=\"en\" dir=\"ltr\">The E3 team is devastated to share this news. This decision was not reached lightly, but it is the right one for the health and safety of all involved. Read our statement here: <a href=\"https:\/\/t.co\/1uOWxTerN9\">https:\/\/t.co\/1uOWxTerN9<\/a> <a href=\"https:\/\/t.co\/gD2IxNACLX\">pic.twitter.com\/gD2IxNACLX<\/a><\/p>&mdash; E3 (@E3) <a href=\"https:\/\/twitter.com\/E3\/status\/1237769050123534336?ref_src=twsrc%5Etfw\">March 11, 2020<\/a><\/blockquote><script async src=\"https:\/\/platform.twitter.com\/widgets.js\" charset=\"utf-8\"><\/script>\n<\/div><\/figure>\n\n\n\n<p class=\"wp-block-paragraph\">\u00abSiguiendo las crecientes y abrumadoras noticias sobre el virus&nbsp;<strong>Covid-19<\/strong>, sentimos que esta era la mejor manera de actuar durante una situaci\u00f3n global sin precedentes. Estamos muy decepcionados de no poder llevar a cabo este evento para nuestros fan\u00e1ticos y seguidores. Pero sabemos que es la decisi\u00f3n adecuada basada en la informaci\u00f3n que tenemos hoy\u00bb, dijo la empresa organizadora en un comunicado.<\/p>\n\n\n\n<h4 class=\"wp-block-heading\">\u00bfQu\u00e9 empresas iban a asistir al E3?<\/h4>\n\n\n\n<p class=\"wp-block-paragraph\">A la feria E3 2020 iban a acudir los principales desarrolladores de videojuegos y fabricantes de consolas, como&nbsp;<strong>Microsoft<\/strong>,&nbsp;<strong>Nintendo<\/strong>,&nbsp;<strong>Bethesda<\/strong>,&nbsp;<strong>EA<\/strong>,&nbsp;<strong>Square Enix<\/strong>, entre otros. Solamente&nbsp;<strong>Sony<\/strong>, fabricante de la consola PlayStation, hab\u00eda confirmado que no participar\u00eda por segundo a\u00f1o consecutivo en el evento.<\/p>\n\n\n\n<p class=\"wp-block-paragraph\">El E3 se suma a una lista cada vez m\u00e1s larga de eventos internacionales sobre tecnolog\u00eda que han sido cancelados o pospuestos, como el&nbsp;<strong>Mobile World Congress<\/strong>, la conferencia&nbsp;<strong>Facebook F8<\/strong>&nbsp;o el&nbsp;<strong>Google I\/O<\/strong>, entre otros.<\/p>\n\n\n\n<p class=\"wp-block-paragraph\">Los \u00c1ngeles, la ciudad que ser\u00eda sede del evento, se encuentra en estado de emergencia desde que la semana pasada un crucero con cerca de 2 mil 500 pasajeros desembarc\u00f3 junto con un paciente que dio positivo al\u00a0<strong>coronavirus<\/strong>.<\/p>\n\n\n\n<p class=\"wp-block-paragraph\"><strong>Fuente: <\/strong>SIPSE<\/p>\n","protected":false},"excerpt":{"rendered":"<p>Estados Unidos .-La Asociaci\u00f3n de Software de Entretenimiento (ESA), por sus siglas en ingl\u00e9s), anunci\u00f3 este mi\u00e9rcoles que la feria&nbsp;E3, la m\u00e1s grande del mundo sobre videojuegos,&nbsp;ser\u00e1 cancelada este a\u00f1o. E3 2020 El\u00a0E3\u00a0iba a celebrarse del 9 al 11 de junio en el\u00a0Centro de Convenciones de Los \u00c1ngeles, donde ha sido atendido desde 1995. ESA&nbsp;por [&hellip;]<\/p>\n","protected":false},"author":2,"featured_media":77497,"comment_status":"open","ping_status":"open","sticky":false,"template":"","format":"standard","meta":{"footnotes":""},"categories":[57],"tags":[],"class_list":["post-77496","post","type-post","status-publish","format-standard","has-post-thumbnail","hentry","category-tecnologia"],"_links":{"self":[{"href":"http:\/\/elcuartopoder.com.mx\/nw\/wp-json\/wp\/v2\/posts\/77496","targetHints":{"allow":["GET"]}}],"collection":[{"href":"http:\/\/elcuartopoder.com.mx\/nw\/wp-json\/wp\/v2\/posts"}],"about":[{"href":"http:\/\/elcuartopoder.com.mx\/nw\/wp-json\/wp\/v2\/types\/post"}],"author":[{"embeddable":true,"href":"http:\/\/elcuartopoder.com.mx\/nw\/wp-json\/wp\/v2\/users\/2"}],"replies":[{"embeddable":true,"href":"http:\/\/elcuartopoder.com.mx\/nw\/wp-json\/wp\/v2\/comments?post=77496"}],"version-history":[{"count":1,"href":"http:\/\/elcuartopoder.com.mx\/nw\/wp-json\/wp\/v2\/posts\/77496\/revisions"}],"predecessor-version":[{"id":77498,"href":"http:\/\/elcuartopoder.com.mx\/nw\/wp-json\/wp\/v2\/posts\/77496\/revisions\/77498"}],"wp:featuredmedia":[{"embeddable":true,"href":"http:\/\/elcuartopoder.com.mx\/nw\/wp-json\/wp\/v2\/media\/77497"}],"wp:attachment":[{"href":"http:\/\/elcuartopoder.com.mx\/nw\/wp-json\/wp\/v2\/media?parent=77496"}],"wp:term":[{"taxonomy":"category","embeddable":true,"href":"http:\/\/elcuartopoder.com.mx\/nw\/wp-json\/wp\/v2\/categories?post=77496"},{"taxonomy":"post_tag","embeddable":true,"href":"http:\/\/elcuartopoder.com.mx\/nw\/wp-json\/wp\/v2\/tags?post=77496"}],"curies":[{"name":"wp","href":"https:\/\/api.w.org\/{rel}","templated":true}]}}