{"id":77532,"date":"2020-03-13T11:16:38","date_gmt":"2020-03-13T16:16:38","guid":{"rendered":"http:\/\/elcuartopoder.com.mx\/nw\/?p=77532"},"modified":"2020-03-13T11:16:40","modified_gmt":"2020-03-13T16:16:40","slug":"america-despide-a-renato-ibarra-tras-ser-acusado-de-agredir-a-su-pareja","status":"publish","type":"post","link":"http:\/\/elcuartopoder.com.mx\/nw\/entretenimiento\/deportes\/america-despide-a-renato-ibarra-tras-ser-acusado-de-agredir-a-su-pareja\/","title":{"rendered":"Am\u00e9rica despide a Renato Ibarra, tras ser acusado de agredir a su pareja"},"content":{"rendered":"\n<p class=\"wp-block-paragraph\">El Am\u00e9rica separ\u00f3 de forma definitiva a Renato Ibarra debido a que fue acusado de agredir f\u00edsicamente a su pareja, Lucely Chal\u00e1.<\/p>\n\n\n\n<p class=\"wp-block-paragraph\">\u201cEl Club Am\u00e9rica reitera su compromiso absoluto y cotidiano para contribuir a erradicar la violencia de g\u00e9nero. (\u2026) Dado lo anterior, lo que se ha reportado en medios y por parte de las autoridades, se ha determinado separar de manera definitiva del plantel al jugador\u201d, inform\u00f3 el equipo en un comunicado.<\/p>\n\n\n\n<p class=\"wp-block-paragraph\">El domingo pasado, un juez de control decret\u00f3 formulaci\u00f3n de imputaci\u00f3n y prisi\u00f3n preventiva como medida cautelar contra el futbolista del Club Am\u00e9rica Renato Ibarra por el delito de tentativa de feminicidio y violencia familiar en agravio de su esposa, quien cuenta con 10 semanas de embarazo.<\/p>\n\n\n\n<p class=\"wp-block-paragraph\">Tras la agresi\u00f3n a su esposa, hecho ocurrido la noche del jueves pasado, un juez de control le impuso prisi\u00f3n preventiva oficiosa a Ibarra y a cuatro personas m\u00e1s.<\/p>\n\n\n\n<figure class=\"wp-block-embed-twitter wp-block-embed is-type-rich is-provider-twitter\"><div class=\"wp-block-embed__wrapper\">\n<blockquote class=\"twitter-tweet\" data-width=\"550\" data-dnt=\"true\"><p lang=\"es\" dir=\"ltr\">\ud83d\udcdd Comunicado Oficial: El Club Am\u00e9rica separa del plantel a Renato Ibarra. <a href=\"https:\/\/t.co\/5emB6TlAbM\">pic.twitter.com\/5emB6TlAbM<\/a><\/p>&mdash; Club Am\u00e9rica (@ClubAmerica) <a href=\"https:\/\/twitter.com\/ClubAmerica\/status\/1238255353785020416?ref_src=twsrc%5Etfw\">March 13, 2020<\/a><\/blockquote><script async src=\"https:\/\/platform.twitter.com\/widgets.js\" charset=\"utf-8\"><\/script>\n<\/div><\/figure>\n","protected":false},"excerpt":{"rendered":"<p>El Am\u00e9rica separ\u00f3 de forma definitiva a Renato Ibarra debido a que fue acusado de agredir f\u00edsicamente a su pareja, Lucely Chal\u00e1. \u201cEl Club Am\u00e9rica reitera su compromiso absoluto y cotidiano para contribuir a erradicar la violencia de g\u00e9nero. (\u2026) Dado lo anterior, lo que se ha reportado en medios y por parte de las [&hellip;]<\/p>\n","protected":false},"author":2,"featured_media":77533,"comment_status":"open","ping_status":"open","sticky":false,"template":"","format":"standard","meta":{"footnotes":""},"categories":[7],"tags":[],"class_list":["post-77532","post","type-post","status-publish","format-standard","has-post-thumbnail","hentry","category-deportes"],"_links":{"self":[{"href":"http:\/\/elcuartopoder.com.mx\/nw\/wp-json\/wp\/v2\/posts\/77532","targetHints":{"allow":["GET"]}}],"collection":[{"href":"http:\/\/elcuartopoder.com.mx\/nw\/wp-json\/wp\/v2\/posts"}],"about":[{"href":"http:\/\/elcuartopoder.com.mx\/nw\/wp-json\/wp\/v2\/types\/post"}],"author":[{"embeddable":true,"href":"http:\/\/elcuartopoder.com.mx\/nw\/wp-json\/wp\/v2\/users\/2"}],"replies":[{"embeddable":true,"href":"http:\/\/elcuartopoder.com.mx\/nw\/wp-json\/wp\/v2\/comments?post=77532"}],"version-history":[{"count":1,"href":"http:\/\/elcuartopoder.com.mx\/nw\/wp-json\/wp\/v2\/posts\/77532\/revisions"}],"predecessor-version":[{"id":77534,"href":"http:\/\/elcuartopoder.com.mx\/nw\/wp-json\/wp\/v2\/posts\/77532\/revisions\/77534"}],"wp:featuredmedia":[{"embeddable":true,"href":"http:\/\/elcuartopoder.com.mx\/nw\/wp-json\/wp\/v2\/media\/77533"}],"wp:attachment":[{"href":"http:\/\/elcuartopoder.com.mx\/nw\/wp-json\/wp\/v2\/media?parent=77532"}],"wp:term":[{"taxonomy":"category","embeddable":true,"href":"http:\/\/elcuartopoder.com.mx\/nw\/wp-json\/wp\/v2\/categories?post=77532"},{"taxonomy":"post_tag","embeddable":true,"href":"http:\/\/elcuartopoder.com.mx\/nw\/wp-json\/wp\/v2\/tags?post=77532"}],"curies":[{"name":"wp","href":"https:\/\/api.w.org\/{rel}","templated":true}]}}