{"id":77535,"date":"2020-03-13T12:04:05","date_gmt":"2020-03-13T17:04:05","guid":{"rendered":"http:\/\/elcuartopoder.com.mx\/nw\/?p=77535"},"modified":"2020-03-13T12:04:08","modified_gmt":"2020-03-13T17:04:08","slug":"aislan-a-121-integrantes-de-la-juventus-tras-caso-positivo-de-coronavirus","status":"publish","type":"post","link":"http:\/\/elcuartopoder.com.mx\/nw\/entretenimiento\/deportes\/aislan-a-121-integrantes-de-la-juventus-tras-caso-positivo-de-coronavirus\/","title":{"rendered":"A\u00edslan a 121 integrantes de la Juventus tras caso positivo de coronavirus"},"content":{"rendered":"\n<p class=\"wp-block-paragraph\">Tras el caso positivo de coronavirus de&nbsp;<strong>Daniele Rugani<\/strong>, 121 miembros de&nbsp;<strong>Juventus&nbsp;<\/strong>se mantuvieron este jueves en aislamiento en sus domicilios y bajo las medidas preventivas que dictaron las autoridades de salud en Italia.<\/p>\n\n\n\n<p class=\"wp-block-paragraph\">Mediante un comunicado, la &#8216;Juve&#8217; anunci\u00f3 que dicha cifra de empleados pertenece a las distintas \u00e1reas de club y, por el momento, siguen las indicaciones para confirmar o descartar otro caso de COVID-19, as\u00ed como evitar propagaci\u00f3n.<\/p>\n\n\n\n<p class=\"wp-block-paragraph\">\u201cSe especifica que 121 personas, incluidos jugadores, miembros del personal, gerentes, escoltas y empleados de la Juventus est\u00e1n en un periodo de aislamiento voluntario en el hogar, en cumplimiento de los requisitos de las autoridades sanitarias con base en las disposiciones vigentes\u201d, inform\u00f3 el club.<\/p>\n\n\n\n<p class=\"wp-block-paragraph\">Hasta el momento, ning\u00fan otro futbolista del equipo campe\u00f3n de la Serie A ha dado positivo al coronavirus, pero su compromiso de octavos de final en la UEFA Champions League ante&nbsp;<strong>Olympique de Lyon&nbsp;<\/strong>fue suspendido.<\/p>\n\n\n\n<p class=\"wp-block-paragraph\">En tanto, el portugu\u00e9s Cristiano Ronaldo sigue en sus ciudad natal, Funchal, en el archipi\u00e9lago de Madeira, junto a su familia en espera de que mejore la situaci\u00f3n sanitaria.<\/p>\n\n\n\n<p class=\"wp-block-paragraph\"><strong>Fuente:<\/strong> elfinanciero<\/p>\n","protected":false},"excerpt":{"rendered":"<p>Tras el caso positivo de coronavirus de&nbsp;Daniele Rugani, 121 miembros de&nbsp;Juventus&nbsp;se mantuvieron este jueves en aislamiento en sus domicilios y bajo las medidas preventivas que dictaron las autoridades de salud en Italia. Mediante un comunicado, la &#8216;Juve&#8217; anunci\u00f3 que dicha cifra de empleados pertenece a las distintas \u00e1reas de club y, por el momento, siguen [&hellip;]<\/p>\n","protected":false},"author":2,"featured_media":77536,"comment_status":"open","ping_status":"open","sticky":false,"template":"","format":"standard","meta":{"footnotes":""},"categories":[7],"tags":[],"class_list":["post-77535","post","type-post","status-publish","format-standard","has-post-thumbnail","hentry","category-deportes"],"_links":{"self":[{"href":"http:\/\/elcuartopoder.com.mx\/nw\/wp-json\/wp\/v2\/posts\/77535","targetHints":{"allow":["GET"]}}],"collection":[{"href":"http:\/\/elcuartopoder.com.mx\/nw\/wp-json\/wp\/v2\/posts"}],"about":[{"href":"http:\/\/elcuartopoder.com.mx\/nw\/wp-json\/wp\/v2\/types\/post"}],"author":[{"embeddable":true,"href":"http:\/\/elcuartopoder.com.mx\/nw\/wp-json\/wp\/v2\/users\/2"}],"replies":[{"embeddable":true,"href":"http:\/\/elcuartopoder.com.mx\/nw\/wp-json\/wp\/v2\/comments?post=77535"}],"version-history":[{"count":1,"href":"http:\/\/elcuartopoder.com.mx\/nw\/wp-json\/wp\/v2\/posts\/77535\/revisions"}],"predecessor-version":[{"id":77537,"href":"http:\/\/elcuartopoder.com.mx\/nw\/wp-json\/wp\/v2\/posts\/77535\/revisions\/77537"}],"wp:featuredmedia":[{"embeddable":true,"href":"http:\/\/elcuartopoder.com.mx\/nw\/wp-json\/wp\/v2\/media\/77536"}],"wp:attachment":[{"href":"http:\/\/elcuartopoder.com.mx\/nw\/wp-json\/wp\/v2\/media?parent=77535"}],"wp:term":[{"taxonomy":"category","embeddable":true,"href":"http:\/\/elcuartopoder.com.mx\/nw\/wp-json\/wp\/v2\/categories?post=77535"},{"taxonomy":"post_tag","embeddable":true,"href":"http:\/\/elcuartopoder.com.mx\/nw\/wp-json\/wp\/v2\/tags?post=77535"}],"curies":[{"name":"wp","href":"https:\/\/api.w.org\/{rel}","templated":true}]}}