{"id":77541,"date":"2020-03-13T12:18:55","date_gmt":"2020-03-13T17:18:55","guid":{"rendered":"http:\/\/elcuartopoder.com.mx\/nw\/?p=77541"},"modified":"2020-03-13T12:18:57","modified_gmt":"2020-03-13T17:18:57","slug":"casi-300-millones-para-las-dos-zonas-metropolitanas-de-quintana-roo-gestiono-carlos-joaquin","status":"publish","type":"post","link":"http:\/\/elcuartopoder.com.mx\/nw\/varios\/casi-300-millones-para-las-dos-zonas-metropolitanas-de-quintana-roo-gestiono-carlos-joaquin\/","title":{"rendered":"Casi $300 millones para las dos zonas metropolitanas de Quintana Roo gestion\u00f3 Carlos Joaqu\u00edn"},"content":{"rendered":"\n<p class=\"wp-block-paragraph\">*Inversi\u00f3n hist\u00f3rica, la m\u00e1s alta desde que en 2011 fue creada la primera zona metropolitana de Canc\u00fan-Isla Mujeres<br>*Resultado del trabajo coordinado con el gobierno federal, C\u00e1mara de Diputados del Congreso de la Uni\u00f3n y municipios involucrados<\/p>\n\n\n\n<p class=\"wp-block-paragraph\">Chetumal.- Con una inversi\u00f3n hist\u00f3rica de casi 300 millones de pesos a trav\u00e9s del Fondo Metropolitano, el Gobierno de Quintana Roo que encabeza Carlos Joaqu\u00edn ejecuta obras de infraestructura que benefician a m\u00e1s de un mill\u00f3n de personas tanto del sur como del norte de la entidad, inform\u00f3 el secretario de Desarrollo Territorial Urbano Sustentable (SEDETUS), Carlos R\u00edos Castellanos.<\/p>\n\n\n\n<p class=\"wp-block-paragraph\">La inversi\u00f3n gestionada por el gobernador Carlos Joaqu\u00edn y autorizada este a\u00f1o por el Comit\u00e9 T\u00e9cnico del Fideicomiso integrado por la Comisi\u00f3n de Desarrollo Metropolitano del Congreso de la Uni\u00f3n, la Secretar\u00eda de Hacienda Federal, la Secretar\u00eda de Medio Ambiente y Recursos Naturales y la Secretar\u00eda de Desarrollo Agrario Territorial y Urbano es de 299.7 millones de pesos.<\/p>\n\n\n\n<p class=\"wp-block-paragraph\">El titular de SEDETUS explic\u00f3 que lo correspondiente a la Zona Metropolitana de Chetumal fueron 235.1 millones de pesos, recursos con los que se ejecutan dos importantes obras en beneficio de m\u00e1s de 224 mil ciudadanos que habitan en las localidades de Chetumal, Calderitas, Nicol\u00e1s Bravo, Javier Rojo G\u00f3mez, \u00c1lvaro Obreg\u00f3n y Sergio Butr\u00f3n Casas.<\/p>\n\n\n\n<p class=\"wp-block-paragraph\">En la Zona Metropolitana de Canc\u00fan-Isla Mujeres, fueron autorizadas tres obras con una inversi\u00f3n de 64.6 millones de pesos, las que permiten una mejor calidad de vida para m\u00e1s de 800 mil ciudadanos que habitan la Zona Metropolitana ubicada entre los municipios Benito Ju\u00e1rez e Isla Mujeres.<\/p>\n\n\n\n<p class=\"wp-block-paragraph\">Con estas obras se promueve la adecuada planeaci\u00f3n del desarrollo urbano, los servicios b\u00e1sicos, el transporte p\u00fablico, la movilidad no motorizada y el ordenamiento del territorio para impulsar la competitividad econ\u00f3mica de la zona.<\/p>\n\n\n\n<p class=\"wp-block-paragraph\">El titular de SEDETUS explic\u00f3 que esta inversi\u00f3n corresponde al ejercicio 2019, pero la ejecuci\u00f3n de las cinco obras que fueron autorizadas se realiza el a\u00f1o en curso.<\/p>\n\n\n\n<p class=\"wp-block-paragraph\">El gobierno de Carlos Joaqu\u00edn avanza en la generaci\u00f3n de m\u00e1s y mejores oportunidades de desarrollo, en infraestructura social y urbana en beneficio de m\u00e1s de un mill\u00f3n de ciudadanos que habitan entre el norte y el sur del estado, explic\u00f3 el titular de la SEDETUS.<\/p>\n\n\n\n<p class=\"wp-block-paragraph\">R\u00edos Castellanos dijo que la inversi\u00f3n total autorizada para obras a ejecutar en 2020 equivale -299.7 millones de pesos- supera y, ha superado cada a\u00f1o, lo autorizado desde el a\u00f1o 2011 cuando se otorg\u00f3 la primera inversi\u00f3n del Fondo Metropolitano en Quintana Roo.<\/p>\n\n\n\n<p class=\"wp-block-paragraph\">\u201cEstos logros son resultado del trabajo coordinado entre los gobiernos federal, estatal, la C\u00e1mara de Diputados del Congreso de la Uni\u00f3n y los municipios involucrados, donde el objetivo en com\u00fan es disminuir la desigualdad social y mejorar las condiciones de vida de quienes menos tienen\u201d, concluy\u00f3 R\u00edos Castellanos.<\/p>\n","protected":false},"excerpt":{"rendered":"<p>*Inversi\u00f3n hist\u00f3rica, la m\u00e1s alta desde que en 2011 fue creada la primera zona metropolitana de Canc\u00fan-Isla Mujeres*Resultado del trabajo coordinado con el gobierno federal, C\u00e1mara de Diputados del Congreso de la Uni\u00f3n y municipios involucrados Chetumal.- Con una inversi\u00f3n hist\u00f3rica de casi 300 millones de pesos a trav\u00e9s del Fondo Metropolitano, el Gobierno de [&hellip;]<\/p>\n","protected":false},"author":2,"featured_media":77542,"comment_status":"open","ping_status":"open","sticky":false,"template":"","format":"standard","meta":{"footnotes":""},"categories":[64],"tags":[],"class_list":["post-77541","post","type-post","status-publish","format-standard","has-post-thumbnail","hentry","category-varios"],"_links":{"self":[{"href":"http:\/\/elcuartopoder.com.mx\/nw\/wp-json\/wp\/v2\/posts\/77541","targetHints":{"allow":["GET"]}}],"collection":[{"href":"http:\/\/elcuartopoder.com.mx\/nw\/wp-json\/wp\/v2\/posts"}],"about":[{"href":"http:\/\/elcuartopoder.com.mx\/nw\/wp-json\/wp\/v2\/types\/post"}],"author":[{"embeddable":true,"href":"http:\/\/elcuartopoder.com.mx\/nw\/wp-json\/wp\/v2\/users\/2"}],"replies":[{"embeddable":true,"href":"http:\/\/elcuartopoder.com.mx\/nw\/wp-json\/wp\/v2\/comments?post=77541"}],"version-history":[{"count":1,"href":"http:\/\/elcuartopoder.com.mx\/nw\/wp-json\/wp\/v2\/posts\/77541\/revisions"}],"predecessor-version":[{"id":77543,"href":"http:\/\/elcuartopoder.com.mx\/nw\/wp-json\/wp\/v2\/posts\/77541\/revisions\/77543"}],"wp:featuredmedia":[{"embeddable":true,"href":"http:\/\/elcuartopoder.com.mx\/nw\/wp-json\/wp\/v2\/media\/77542"}],"wp:attachment":[{"href":"http:\/\/elcuartopoder.com.mx\/nw\/wp-json\/wp\/v2\/media?parent=77541"}],"wp:term":[{"taxonomy":"category","embeddable":true,"href":"http:\/\/elcuartopoder.com.mx\/nw\/wp-json\/wp\/v2\/categories?post=77541"},{"taxonomy":"post_tag","embeddable":true,"href":"http:\/\/elcuartopoder.com.mx\/nw\/wp-json\/wp\/v2\/tags?post=77541"}],"curies":[{"name":"wp","href":"https:\/\/api.w.org\/{rel}","templated":true}]}}