{"id":77552,"date":"2020-03-14T08:46:01","date_gmt":"2020-03-14T13:46:01","guid":{"rendered":"http:\/\/elcuartopoder.com.mx\/nw\/?p=77552"},"modified":"2020-03-13T22:49:09","modified_gmt":"2020-03-14T03:49:09","slug":"sumar-o-restar","status":"publish","type":"post","link":"http:\/\/elcuartopoder.com.mx\/nw\/internacionales\/sumar-o-restar\/","title":{"rendered":"Sumar o restar"},"content":{"rendered":"\n<p>El presidente del Gobierno, Pedro S\u00e1nchez, anunci\u00f3 ayer que el Consejo de Ministros extraordinario que se celebra este s\u00e1bado declarar\u00e1 oficialmente el estado de alarma, a fin de hacer frente a la crisis generada por la extensi\u00f3n de los contagios del coronavirus. Acto seguido, compareci\u00f3 el presidente del Partido Popular, Pablo Casado, para anunciar su apoyo a la medida, as\u00ed como a la eventual extensi\u00f3n que el Ejecutivo deber\u00e1 solicitar al Congreso si la crisis no queda bajo control durante los pr\u00f3ximos 15 d\u00edas. En la misma l\u00ednea que Casado se pronunci\u00f3 la l\u00edder de Ciudadanos, In\u00e9s Arrimadas, quien, adem\u00e1s de haber venido reclamando la declaraci\u00f3n de alarma desde el pasado jueves, ha mostrado en todo momento su disposici\u00f3n a aprobar unos Presupuestos de emergencia para hacer frente a los efectos econ\u00f3micos de la crisis sanitaria. <\/p>\n\n\n\n<p>Las declaraciones que Casado realiz\u00f3 este viernes dejan en suspenso las duras cr\u00edticas que dirigi\u00f3 al Gobierno el d\u00eda anterior, y restablecen por ello la coherencia entre la actitud de los presidentes auton\u00f3micos del Partido Popular, que se han esforzado por coordinar sus acciones con las del Ejecutivo central, y la direcci\u00f3n nacional del partido, obstinada hasta ayer mismo en marcar distancias a destiempo. Proyectar el desacuerdo con el Gobierno sobre todos los frentes debe tener l\u00edmites en cualquier circunstancia, pero m\u00e1s a\u00fan en la actual, puesto que la contenci\u00f3n en la lucha pol\u00edtica entre las principales fuerzas del pa\u00eds, cuando no la cooperaci\u00f3n leal, es una condici\u00f3n imprescindible para reforzar las instituciones del Estado, todas las instituciones y a todos los niveles, en su credibilidad y en su eficacia. La prioridad, hoy, no pasa por denunciar los errores que se hayan podido cometer en la gesti\u00f3n de la crisis, sino por colaborar sin reservas para superarla.<\/p>\n\n\n\n<p>La gravedad de la situaci\u00f3n exige decisiones pol\u00edticas igualmente graves, que en ning\u00fan caso pueden confundirse con excusas para evitar responder ante la oposici\u00f3n cuando llegue el momento ni, tampoco, para realizar cualquier cr\u00edtica a quienes tienen la responsabilidad de gobernar. La estrategia de alentar el temor de los ciudadanos para, ataj\u00e1ndolo desde la demagogia, ganar apoyos a un programa inviable y ventajista no puede ser nunca la de un partido democr\u00e1tico, como ha venido a demostrar Vox. Al comenzar la crisis, sus dirigentes quisieron asociar la epidemia con la inmigraci\u00f3n, y solo el desmentido que, desgraciadamente, han padecido en carne propia, les ha empujado a cambiar de registro e intentar instrumentalizarla contra la sanidad p\u00fablica y a favor de la privada.<\/p>\n\n\n\n<p>El \u00e9xito en el control de la pandemia y de sus efectos sanitarios, sociales y econ\u00f3micos debe ser de todos porque tambi\u00e9n ser\u00eda de todos un fracaso que no cabe siquiera contemplar. Espa\u00f1a superar\u00e1, sin duda, los efectos del coronavirus. Pero la profundidad y la duraci\u00f3n de sus huellas depender\u00e1 de la capacidad para movilizar todas las fuerzas, y tambi\u00e9n de la rapidez con la que se haga. A partir de este momento, las medidas que adopte el Gobierno bajo el estado de alarma no se pueden juzgar por su popularidad o su impopularidad, sino por su necesidad y por el rigor en su aplicaci\u00f3n, corresponda a la Administraci\u00f3n que corresponda. Entre sumar o restar a esta tarea, los partidos pol\u00edticos y sus l\u00edderes tienen que elegir d\u00f3nde se colocan.<\/p>\n\n\n\n<p><strong>Fuente:<\/strong> elpa\u00eds<\/p>\n","protected":false},"excerpt":{"rendered":"<p>El presidente del Gobierno, Pedro S\u00e1nchez, anunci\u00f3 ayer que el Consejo de Ministros extraordinario que se celebra este s\u00e1bado declarar\u00e1 oficialmente el estado de alarma, a fin de hacer frente a la crisis generada por la extensi\u00f3n de los contagios del coronavirus. Acto seguido, compareci\u00f3 el presidente del Partido Popular, Pablo Casado, para anunciar su [&hellip;]<\/p>\n","protected":false},"author":2,"featured_media":77553,"comment_status":"open","ping_status":"open","sticky":false,"template":"","format":"standard","meta":{"footnotes":""},"categories":[59,8],"tags":[],"class_list":["post-77552","post","type-post","status-publish","format-standard","has-post-thumbnail","hentry","category-destacadas","category-internacionales"],"_links":{"self":[{"href":"http:\/\/elcuartopoder.com.mx\/nw\/wp-json\/wp\/v2\/posts\/77552","targetHints":{"allow":["GET"]}}],"collection":[{"href":"http:\/\/elcuartopoder.com.mx\/nw\/wp-json\/wp\/v2\/posts"}],"about":[{"href":"http:\/\/elcuartopoder.com.mx\/nw\/wp-json\/wp\/v2\/types\/post"}],"author":[{"embeddable":true,"href":"http:\/\/elcuartopoder.com.mx\/nw\/wp-json\/wp\/v2\/users\/2"}],"replies":[{"embeddable":true,"href":"http:\/\/elcuartopoder.com.mx\/nw\/wp-json\/wp\/v2\/comments?post=77552"}],"version-history":[{"count":1,"href":"http:\/\/elcuartopoder.com.mx\/nw\/wp-json\/wp\/v2\/posts\/77552\/revisions"}],"predecessor-version":[{"id":77554,"href":"http:\/\/elcuartopoder.com.mx\/nw\/wp-json\/wp\/v2\/posts\/77552\/revisions\/77554"}],"wp:featuredmedia":[{"embeddable":true,"href":"http:\/\/elcuartopoder.com.mx\/nw\/wp-json\/wp\/v2\/media\/77553"}],"wp:attachment":[{"href":"http:\/\/elcuartopoder.com.mx\/nw\/wp-json\/wp\/v2\/media?parent=77552"}],"wp:term":[{"taxonomy":"category","embeddable":true,"href":"http:\/\/elcuartopoder.com.mx\/nw\/wp-json\/wp\/v2\/categories?post=77552"},{"taxonomy":"post_tag","embeddable":true,"href":"http:\/\/elcuartopoder.com.mx\/nw\/wp-json\/wp\/v2\/tags?post=77552"}],"curies":[{"name":"wp","href":"https:\/\/api.w.org\/{rel}","templated":true}]}}