{"id":77806,"date":"2020-03-26T19:14:51","date_gmt":"2020-03-27T00:14:51","guid":{"rendered":"http:\/\/elcuartopoder.com.mx\/nw\/?p=77806"},"modified":"2020-03-26T19:14:53","modified_gmt":"2020-03-27T00:14:53","slug":"hortera-e-iconico-como-el-look-vaquero-a-juego-de-britney-y-justin-paso-a-ser-historia-de-la-moda","status":"publish","type":"post","link":"http:\/\/elcuartopoder.com.mx\/nw\/entretenimiento\/espectaculos\/hortera-e-iconico-como-el-look-vaquero-a-juego-de-britney-y-justin-paso-a-ser-historia-de-la-moda\/","title":{"rendered":"Hortera e ic\u00f3nico: c\u00f3mo el \u2018look\u2019 vaquero a juego de Britney y Justin pas\u00f3 a ser historia de la moda"},"content":{"rendered":"\n<figure class=\"wp-block-image\"><img decoding=\"async\" src=\"https:\/\/smoda.elpais.com\/wp-content\/uploads\/2020\/03\/JustinBritney-635x480.jpg\" alt=\"Look Britney Spears Justin Timberlake\"\/><figcaption> Britney Spears y Justin Timberlake en los American Music Awards de 2001.\u00a0FOTO: GETTY <\/figcaption><\/figure>\n\n\n\n<p><strong>Britney Spears y Justin Timberlake enfundados en tejido vaquero<\/strong>&nbsp;de pies a cabeza son la viva imagen de un tiempo pasado que no volver\u00e1. Uno en el que las estrellas del pop eran el centro del&nbsp;<em>star system,<\/em>&nbsp;el miedo a caer en lo hortera no solo no exist\u00eda sino que era innecesario y los&nbsp;<em>haters<\/em>&nbsp;no ten\u00edan un altavoz instant\u00e1neo para criticar las elecciones, del tipo que fueran, de sus artistas favoritos. En aquellos a\u00f1os cada vez m\u00e1s remotos y lejanos, Britney y Justin eran los \u2018novios de Am\u00e9rica\u2019, juraban castidad hasta el matrimonio y vend\u00edan discos como churros. La pareja conjuntada en clave&nbsp;<em>denim&nbsp;<\/em>en los American Music Awards de 2001 no solo es s\u00edntesis de aquella \u00e9poca, sino que se ha convertido en una de las im\u00e1genes ic\u00f3nicas de la cultura popular de principios de siglo.<\/p>\n\n\n\n<p>Ambos han hablado en varias ocasiones de por qu\u00e9 acudieron a una de las alfombras clave de la industria forrados en retales vaqueros, pero Timberlake ha vuelto a sacar el tema en una reciente entrevista. Para celebrar el\u00a0vig\u00e9simo aniversario\u00a0del \u00e1lbum\u00a0<em>No Strings Attached<\/em>\u00a0de NSYNC,\u00a0<em>boy band<\/em>\u00a0que lider\u00f3 el cantante, otro de los exmiembros del grupo, Lance Bass, entrevist\u00f3 en su podcast a los que fueron sus compa\u00f1eros durante los siete a\u00f1os de vida de la banda.<strong>\u00a0Hablar sobre la elecci\u00f3n estil\u00edstica m\u00e1s famosa y comentada de la carrera de Timberlake parec\u00eda ineludible,<\/strong>\u00a0y de hecho lo fue.<\/p>\n\n\n\n<figure class=\"wp-block-image\"><img decoding=\"async\" src=\"https:\/\/smoda.elpais.com\/wp-content\/uploads\/2020\/03\/GettyImages-530059230.jpg\" alt=\"\" class=\"wp-image-100360295\"\/><figcaption> La pareja protagoniz\u00f3 uno de los looks m\u00e1s ic\u00f3nicos de los 2000.\u00a0FOTO: GETTY <\/figcaption><\/figure>\n\n\n\n<p><strong>El cantante\u00a0sali\u00f3 en defensa del estilismo\u00a0argumentando que hoy en d\u00eda \u00abpodr\u00edas petarlo\u00bb llevando algo as\u00ed<\/strong>\u00a0y aclarando que se lo puso \u00abporque cuando eres joven y est\u00e1s enamorado haces muchas cosas as\u00ed\u00bb. El int\u00e9rprete de\u00a0<em>Cry me a river<\/em>, experto en\u00a0rentabilizar su relaci\u00f3n con la diva del pop\u00a0(ha sacado a relucir su relaci\u00f3n en incontables ocasiones), ya hab\u00eda hablado hace unos a\u00f1os de aquella elecci\u00f3n asegurando que ni \u00e9l mismo ser\u00eda capaz de volverla a poner de moda, aunque aventur\u00e1ndose a vaticinar, al mismo tiempo, la vuelta del\u00a0<em>denim<\/em>\u00a0con\u00a0<em>denim<\/em>\u00a0\u00absi se viste correctamente\u00bb.<\/p>\n\n\n\n<p>M\u00e1s all\u00e1 de los&nbsp;<strong>homenajes que muchas parejas les han rendido en la alfombra roja<\/strong>, tributos encabezados por la fehaciente reinterpretaci\u00f3n del&nbsp;<em>look<\/em>&nbsp;que hicieron Katy Perry y Riff Raff en 2014, la combinaci\u00f3n ha vuelto c\u00edclicamente a reinar en pasarelas y escaparates reinterpretada por infinitos dise\u00f1adores y grandes cadenas.<\/p>\n\n\n\n<figure class=\"wp-block-image\"><img decoding=\"async\" src=\"https:\/\/smoda.elpais.com\/wp-content\/uploads\/2020\/03\/GettyImages-454106726.jpg\" alt=\"\" class=\"wp-image-100360302\"\/><figcaption> Katy Perry y Riff Raff les rindieron homenaje en los MTV Video Music Awards de 2014.\u00a0FOTO: GETTY <\/figcaption><\/figure>\n\n\n\n<p>De cara a la temporada primavera-verano 2020 que ya est\u00e1 a la vuelta de la esquina es, de hecho, una de las grandes tendencias. Balenciaga, Givenchy, Isabel Marant, Alberta Ferretti o Philosophy di Lorenzo Serafini son algunas de las firmas que han subido a la pasarela pantalones vaqueros combinados con cazadoras del mismo tejido, monos, conjuntos tejanos de tres piezas y hasta sofisticados vestidos.<\/p>\n\n\n\n<p><strong>Hace un par de a\u00f1os la propia Britney reconoci\u00f3 a la\u00a0edici\u00f3n francesa de\u00a0<em>Grazia<\/em>\u00a0que la idea de aquellos atuendos fue suya.<\/strong>\u00a0\u00abMe encantan los\u00a0<em>jeans<\/em>\u00a0y los cors\u00e9s y le ped\u00ed a mi estilista que creara un\u00a0<em>look<\/em>\u00a0as\u00ed. Le hicimos una chaqueta a juego a Justin en plan broma pensando que jam\u00e1s se la pondr\u00eda. Pero lo hizo y qued\u00f3 para la historia\u00bb, explic\u00f3 la cantante. Y a\u00f1adi\u00f3: \u00abAdem\u00e1s del hecho de ir combinados, creo que el estilismo llam\u00f3 la atenci\u00f3n porque era diferente. Yo llevaba muchos diamantes tambi\u00e9n y la contraposici\u00f3n entre\u00a0<em>denim<\/em>\u00a0y joyas logr\u00f3 un resultado muy\u00a0<em>cool\u00bb.\u00a0<\/em>A pesar de la cantidad de cr\u00edticas que despert\u00f3 aquella ocurrencia, algo de\u00a0<em>cool<\/em>\u00a0tendr\u00eda cuando veinte a\u00f1os despu\u00e9s sigue despertando tanta perplejidad como fascinaci\u00f3n.<\/p>\n\n\n\n<figure class=\"wp-block-image\"><img decoding=\"async\" src=\"https:\/\/smoda.elpais.com\/wp-content\/uploads\/2020\/03\/denim.jpg\" alt=\"\" class=\"wp-image-100360363\"\/><figcaption> Philosophy, Balenciaga o Givenchy apuestan todo al denim esta primavera.\u00a0FOTO: IMAXTREE <\/figcaption><\/figure>\n\n\n\n<p><strong>Fuente:<\/strong> elpa\u00eds<\/p>\n","protected":false},"excerpt":{"rendered":"<p>Britney Spears y Justin Timberlake enfundados en tejido vaquero&nbsp;de pies a cabeza son la viva imagen de un tiempo pasado que no volver\u00e1. Uno en el que las estrellas del pop eran el centro del&nbsp;star system,&nbsp;el miedo a caer en lo hortera no solo no exist\u00eda sino que era innecesario y los&nbsp;haters&nbsp;no ten\u00edan un altavoz [&hellip;]<\/p>\n","protected":false},"author":2,"featured_media":77807,"comment_status":"open","ping_status":"open","sticky":false,"template":"","format":"standard","meta":{"footnotes":""},"categories":[11],"tags":[],"class_list":["post-77806","post","type-post","status-publish","format-standard","has-post-thumbnail","hentry","category-espectaculos"],"_links":{"self":[{"href":"http:\/\/elcuartopoder.com.mx\/nw\/wp-json\/wp\/v2\/posts\/77806","targetHints":{"allow":["GET"]}}],"collection":[{"href":"http:\/\/elcuartopoder.com.mx\/nw\/wp-json\/wp\/v2\/posts"}],"about":[{"href":"http:\/\/elcuartopoder.com.mx\/nw\/wp-json\/wp\/v2\/types\/post"}],"author":[{"embeddable":true,"href":"http:\/\/elcuartopoder.com.mx\/nw\/wp-json\/wp\/v2\/users\/2"}],"replies":[{"embeddable":true,"href":"http:\/\/elcuartopoder.com.mx\/nw\/wp-json\/wp\/v2\/comments?post=77806"}],"version-history":[{"count":1,"href":"http:\/\/elcuartopoder.com.mx\/nw\/wp-json\/wp\/v2\/posts\/77806\/revisions"}],"predecessor-version":[{"id":77808,"href":"http:\/\/elcuartopoder.com.mx\/nw\/wp-json\/wp\/v2\/posts\/77806\/revisions\/77808"}],"wp:featuredmedia":[{"embeddable":true,"href":"http:\/\/elcuartopoder.com.mx\/nw\/wp-json\/wp\/v2\/media\/77807"}],"wp:attachment":[{"href":"http:\/\/elcuartopoder.com.mx\/nw\/wp-json\/wp\/v2\/media?parent=77806"}],"wp:term":[{"taxonomy":"category","embeddable":true,"href":"http:\/\/elcuartopoder.com.mx\/nw\/wp-json\/wp\/v2\/categories?post=77806"},{"taxonomy":"post_tag","embeddable":true,"href":"http:\/\/elcuartopoder.com.mx\/nw\/wp-json\/wp\/v2\/tags?post=77806"}],"curies":[{"name":"wp","href":"https:\/\/api.w.org\/{rel}","templated":true}]}}