{"id":77827,"date":"2020-03-27T14:18:48","date_gmt":"2020-03-27T19:18:48","guid":{"rendered":"http:\/\/elcuartopoder.com.mx\/nw\/?p=77827"},"modified":"2020-03-27T14:18:50","modified_gmt":"2020-03-27T19:18:50","slug":"negligencia-deja-sin-agua-a-toda-la-ciudad","status":"publish","type":"post","link":"http:\/\/elcuartopoder.com.mx\/nw\/municipales\/negligencia-deja-sin-agua-a-toda-la-ciudad\/","title":{"rendered":"Negligencia deja sin agua a toda la ciudad"},"content":{"rendered":"\n<p>JOS\u00c9 MAR\u00cdA MORELOS.- Por la negligencia de los trabajadores de una empresa constructora qued\u00f3 suspendido el suministro de agua en la ciudad desde las 10 de la ma\u00f1ana hasta entrada la tarde, luego de que se da\u00f1ara la tuber\u00eda principal del sistema hidr\u00e1ulico de agua potable cuando, presuntamente, se realizaban trabajos de instalaci\u00f3n el\u00e9ctrica en un comercio.<\/p>\n\n\n\n<p>Los hechos se registraron poco despu\u00e9s de las 9:30 de la ma\u00f1ana de ayer sobre la calle Benito Ju\u00e1rez, entre la avenida principal de la ciudad y la arteria Jacinto Canek, de la colonia Centro, frente al mercado municipal.<\/p>\n\n\n\n<p>La corresponsal\u00eda del POR ESTO! pudo observar en el lugar una fuga de donde brotada una gran cantidad de agua que escurr\u00eda sobre una de las arterias de la avenida principal.<\/p>\n\n\n\n<p>De acuerdo con el testimonio de algunos comerciantes del mercado municipal, fueron los empleados de una empresa constructora quienes causaron el desperfecto.<\/p>\n\n\n\n<p>Mencionaron que los trabajadores se encontraban&nbsp;<strong>realizando trabajos de instalaci\u00f3n del sistema el\u00e9ctrico para una tienda de conveniencia<\/strong>&nbsp;que se encuentra en construcci\u00f3n.<\/p>\n\n\n\n<p>Comentaron que los empleados retiraban la banqueta con ayuda de una barreta y pico, y&nbsp;<strong>por descuido perforaron<\/strong>&nbsp;la tuber\u00eda principal del&nbsp;<strong>sistema hidr\u00e1ulico<\/strong>&nbsp;de agua potable, lo que propici\u00f3 que se fracturara.<\/p>\n\n\n\n<p>Dijeron que lo anterior provoc\u00f3 la salida sin control del agua potable, la cual se derram\u00f3 por varias cuadras de la avenida principal hasta alcanzar otras calles vecinas.<\/p>\n\n\n\n<p>Refirieron que tal situaci\u00f3n&nbsp;<strong>fue reportada a la Comisi\u00f3n de Agua Potable y Alcantarillado en el municipio (CAPA<\/strong>), por lo que luego de 20 minutos arrib\u00f3 una brigada de fontaneros para realizar los trabajos de reparaci\u00f3n.<\/p>\n\n\n\n<p>Sin embargo, para realizarse las labores se requiri\u00f3 del cierre de la bomba principal que suministra el vital l\u00edquido&nbsp;<strong>a toda la ciudad<\/strong>.<\/p>\n\n\n\n<p>Lo anterior dej\u00f3 sin el servicio de agua potable a la cabecera municipal durante el trascurso de la ma\u00f1ana y parte de la tarde.<\/p>\n\n\n\n<p>El servicio fue reactivado luego de que se culminaran los trabajos de reparaci\u00f3n, aunque dicha fuga caus\u00f3 el enojo de la ciudadan\u00eda que exig\u00eda que la fuga del agua sea costeada por la empresa constructora.<\/p>\n\n\n\n<p><strong>Fuente:<\/strong> POR ESTO!<\/p>\n","protected":false},"excerpt":{"rendered":"<p>JOS\u00c9 MAR\u00cdA MORELOS.- Por la negligencia de los trabajadores de una empresa constructora qued\u00f3 suspendido el suministro de agua en la ciudad desde las 10 de la ma\u00f1ana hasta entrada la tarde, luego de que se da\u00f1ara la tuber\u00eda principal del sistema hidr\u00e1ulico de agua potable cuando, presuntamente, se realizaban trabajos de instalaci\u00f3n el\u00e9ctrica en [&hellip;]<\/p>\n","protected":false},"author":2,"featured_media":77828,"comment_status":"open","ping_status":"open","sticky":false,"template":"","format":"standard","meta":{"footnotes":""},"categories":[6],"tags":[],"class_list":["post-77827","post","type-post","status-publish","format-standard","has-post-thumbnail","hentry","category-municipales"],"_links":{"self":[{"href":"http:\/\/elcuartopoder.com.mx\/nw\/wp-json\/wp\/v2\/posts\/77827","targetHints":{"allow":["GET"]}}],"collection":[{"href":"http:\/\/elcuartopoder.com.mx\/nw\/wp-json\/wp\/v2\/posts"}],"about":[{"href":"http:\/\/elcuartopoder.com.mx\/nw\/wp-json\/wp\/v2\/types\/post"}],"author":[{"embeddable":true,"href":"http:\/\/elcuartopoder.com.mx\/nw\/wp-json\/wp\/v2\/users\/2"}],"replies":[{"embeddable":true,"href":"http:\/\/elcuartopoder.com.mx\/nw\/wp-json\/wp\/v2\/comments?post=77827"}],"version-history":[{"count":1,"href":"http:\/\/elcuartopoder.com.mx\/nw\/wp-json\/wp\/v2\/posts\/77827\/revisions"}],"predecessor-version":[{"id":77829,"href":"http:\/\/elcuartopoder.com.mx\/nw\/wp-json\/wp\/v2\/posts\/77827\/revisions\/77829"}],"wp:featuredmedia":[{"embeddable":true,"href":"http:\/\/elcuartopoder.com.mx\/nw\/wp-json\/wp\/v2\/media\/77828"}],"wp:attachment":[{"href":"http:\/\/elcuartopoder.com.mx\/nw\/wp-json\/wp\/v2\/media?parent=77827"}],"wp:term":[{"taxonomy":"category","embeddable":true,"href":"http:\/\/elcuartopoder.com.mx\/nw\/wp-json\/wp\/v2\/categories?post=77827"},{"taxonomy":"post_tag","embeddable":true,"href":"http:\/\/elcuartopoder.com.mx\/nw\/wp-json\/wp\/v2\/tags?post=77827"}],"curies":[{"name":"wp","href":"https:\/\/api.w.org\/{rel}","templated":true}]}}