{"id":77847,"date":"2020-03-28T11:56:26","date_gmt":"2020-03-28T16:56:26","guid":{"rendered":"http:\/\/elcuartopoder.com.mx\/nw\/?p=77847"},"modified":"2020-03-28T11:56:29","modified_gmt":"2020-03-28T16:56:29","slug":"el-hoyo-cinta-dirigida-por-gaztelu-urrutia-se-posiciona-como-la-mas-vista-de-netflix-en-eu-y-mexico","status":"publish","type":"post","link":"http:\/\/elcuartopoder.com.mx\/nw\/entretenimiento\/espectaculos\/el-hoyo-cinta-dirigida-por-gaztelu-urrutia-se-posiciona-como-la-mas-vista-de-netflix-en-eu-y-mexico\/","title":{"rendered":"El hoyo, cinta dirigida por Gaztelu-Urrutia, se posiciona como la m\u00e1s vista de Netflix en EU y M\u00e9xico"},"content":{"rendered":"\n<p>Bilbao.- La pel\u00edcula vasca <strong><em>El Hoyo<\/em><\/strong>, \u00f3pera prima del realizador bilba\u00edno\u00a0<strong>Galder Gaztelu-Urrutia<\/strong>, es la m\u00e1s vista en\u00a0<strong>Netflix<\/strong>\u00a0en\u00a0<strong>Estados Unidos<\/strong>, y en\u00a0<strong>M\u00e9xico<\/strong>\u00a0y gran cantidad de pa\u00edses m\u00e1s donde opera el gigante del\u00a0<em>streaming<\/em>, seg\u00fan anuncia su productora, Basque films.<\/p>\n\n\n\n<blockquote class=\"wp-block-quote is-layout-flow wp-block-quote-is-layout-flow\"><p>La pel\u00edcula se estren\u00f3 en los cines espa\u00f1oles el 7 de noviembre, despu\u00e9s de conseguir en el festival de cine fant\u00e1stico de Sitges los premios a mejor pel\u00edcula, direcci\u00f3n novel y el del p\u00fablico.<\/p><\/blockquote>\n\n\n\n<p>El pasado 20 de marzo lleg\u00f3 a Netflix, y ya el primer d\u00eda fue la m\u00e1s vista en Espa\u00f1a, puesto al que ahora llega a Estados Unidos, donde se titula T<em>he platform<\/em>&nbsp;(<em>La plataforma<\/em>).<\/p>\n\n\n\n<p>Es la \u00f3pera prima del bilba\u00edno Galder Gaztelu-Urrutia, rodada en el barrio bilba\u00edno de Zorroza, y protagonizada por Iv\u00e1n Messague, el veterano actor vizca\u00edno Zorion Eguileor y Antonia San Juan.<\/p>\n\n\n\n<figure class=\"wp-block-embed-youtube wp-block-embed is-type-video is-provider-youtube wp-embed-aspect-16-9 wp-has-aspect-ratio\"><div class=\"wp-block-embed__wrapper\">\n<iframe loading=\"lazy\" width=\"696\" height=\"392\" src=\"https:\/\/www.youtube.com\/embed\/24Lf7fmKIXI?feature=oembed\" frameborder=\"0\" allow=\"accelerometer; autoplay; encrypted-media; gyroscope; picture-in-picture\" allowfullscreen><\/iframe>\n<\/div><\/figure>\n\n\n\n<p>El argumento es de ciencia ficci\u00f3n y sencillo: una prisi\u00f3n vertical, con dos presos en cada piso, conectados por un agujero (el hoyo del t\u00edtulo) en el centro. Los presos solo pueden comer lo que les dejan los reclusos de la celda de arriba, en una mesa-plataforma que va bajando, al principio a rebosar de viandas, al final vac\u00eda.<\/p>\n\n\n\n<p>Una met\u00e1fora de la lucha de clases que adem\u00e1s conecta con estos tiempos de confinamiento, y que triunfa en una plataforma con 167 millones de suscriptores en el mundo.<\/p>\n\n\n\n<p> <strong>Fuente:<\/strong>\u00a0sinembargo <\/p>\n","protected":false},"excerpt":{"rendered":"<p>Bilbao.- La pel\u00edcula vasca El Hoyo, \u00f3pera prima del realizador bilba\u00edno\u00a0Galder Gaztelu-Urrutia, es la m\u00e1s vista en\u00a0Netflix\u00a0en\u00a0Estados Unidos, y en\u00a0M\u00e9xico\u00a0y gran cantidad de pa\u00edses m\u00e1s donde opera el gigante del\u00a0streaming, seg\u00fan anuncia su productora, Basque films. La pel\u00edcula se estren\u00f3 en los cines espa\u00f1oles el 7 de noviembre, despu\u00e9s de conseguir en el festival de [&hellip;]<\/p>\n","protected":false},"author":2,"featured_media":77848,"comment_status":"open","ping_status":"open","sticky":false,"template":"","format":"standard","meta":{"footnotes":""},"categories":[11],"tags":[],"class_list":["post-77847","post","type-post","status-publish","format-standard","has-post-thumbnail","hentry","category-espectaculos"],"_links":{"self":[{"href":"http:\/\/elcuartopoder.com.mx\/nw\/wp-json\/wp\/v2\/posts\/77847","targetHints":{"allow":["GET"]}}],"collection":[{"href":"http:\/\/elcuartopoder.com.mx\/nw\/wp-json\/wp\/v2\/posts"}],"about":[{"href":"http:\/\/elcuartopoder.com.mx\/nw\/wp-json\/wp\/v2\/types\/post"}],"author":[{"embeddable":true,"href":"http:\/\/elcuartopoder.com.mx\/nw\/wp-json\/wp\/v2\/users\/2"}],"replies":[{"embeddable":true,"href":"http:\/\/elcuartopoder.com.mx\/nw\/wp-json\/wp\/v2\/comments?post=77847"}],"version-history":[{"count":1,"href":"http:\/\/elcuartopoder.com.mx\/nw\/wp-json\/wp\/v2\/posts\/77847\/revisions"}],"predecessor-version":[{"id":77849,"href":"http:\/\/elcuartopoder.com.mx\/nw\/wp-json\/wp\/v2\/posts\/77847\/revisions\/77849"}],"wp:featuredmedia":[{"embeddable":true,"href":"http:\/\/elcuartopoder.com.mx\/nw\/wp-json\/wp\/v2\/media\/77848"}],"wp:attachment":[{"href":"http:\/\/elcuartopoder.com.mx\/nw\/wp-json\/wp\/v2\/media?parent=77847"}],"wp:term":[{"taxonomy":"category","embeddable":true,"href":"http:\/\/elcuartopoder.com.mx\/nw\/wp-json\/wp\/v2\/categories?post=77847"},{"taxonomy":"post_tag","embeddable":true,"href":"http:\/\/elcuartopoder.com.mx\/nw\/wp-json\/wp\/v2\/tags?post=77847"}],"curies":[{"name":"wp","href":"https:\/\/api.w.org\/{rel}","templated":true}]}}