{"id":77853,"date":"2020-03-28T12:21:31","date_gmt":"2020-03-28T17:21:31","guid":{"rendered":"http:\/\/elcuartopoder.com.mx\/nw\/?p=77853"},"modified":"2020-03-28T12:21:33","modified_gmt":"2020-03-28T17:21:33","slug":"jugadores-de-venados-se-mantienen-en-forma-con-entrenamientos-virtuales","status":"publish","type":"post","link":"http:\/\/elcuartopoder.com.mx\/nw\/entretenimiento\/deportes\/jugadores-de-venados-se-mantienen-en-forma-con-entrenamientos-virtuales\/","title":{"rendered":"Jugadores de Venados se mantienen en forma con entrenamientos virtuales"},"content":{"rendered":"\n<p>M\u00c9RIDA, Yucat\u00e1n.-&nbsp;<strong>Jugadores<\/strong>&nbsp;y&nbsp;<strong>cuerpo t\u00e9cnico<\/strong>&nbsp;de&nbsp;<strong>Venados FC<\/strong>&nbsp;mantienen los&nbsp;<strong>entrenamientos<\/strong>&nbsp;\u201cen grupo\u201d&nbsp;<strong>aunque<\/strong>&nbsp;virtuales. Pese a la contingencia sanitaria por el Covid-19 y en cumplimiento con las medidas establecidas por las autoridades, el equipo astado sigue sus pr\u00e1cticas pero desde casa.<\/p>\n\n\n\n<p>A trav\u00e9s de videoconferencias matutinas, los ejercicios y la comunicaci\u00f3n del cuerpo t\u00e9cnico con los jugadores se mantiene activa de lunes a s\u00e1bado, para definir activaci\u00f3n f\u00edsica y movimientos espec\u00edficos de resistencia.<\/p>\n\n\n\n<p>El preparador f\u00edsico Gabriel Souza lleva la pauta de los entrenamientos bajo la mirada del t\u00e9cnico Carlos Guti\u00e9rrez y los auxiliares Mart\u00edn Reyna y Valtencir Gomes, durante las sesiones que tienen una duraci\u00f3n aproximada de 60 minutos.<\/p>\n\n\n\n<p>La intenci\u00f3n es mantener la cohesi\u00f3n de grupo y el ritmo f\u00edsico para cuando sea posible retomar los trabajos en cancha. Todo esto mientras se respeta el llamado a mantenerse en casa y cuidar la salud.<\/p>\n\n\n\n<p>Hay que recordar que hace una semana el mandam\u00e1s astado, Rodolfo Rosas Cantillo, asegur\u00f3 que el equipo sigue trabajando para mantenerse en \u00f3ptimas condiciones con miras a la reanudaci\u00f3n del Ascenso MX.<\/p>\n\n\n\n<p>El directivo destac\u00f3 que el club se mantiene trabajando a la espera de que la Liga d\u00e9 el visto bueno para volver a iniciar hostilidades y se reanude el campeonato, al cual le restan tres fechas para que culmine.<\/p>\n\n\n\n<p><strong>Fuente:<\/strong> SIPSE<\/p>\n","protected":false},"excerpt":{"rendered":"<p>M\u00c9RIDA, Yucat\u00e1n.-&nbsp;Jugadores&nbsp;y&nbsp;cuerpo t\u00e9cnico&nbsp;de&nbsp;Venados FC&nbsp;mantienen los&nbsp;entrenamientos&nbsp;\u201cen grupo\u201d&nbsp;aunque&nbsp;virtuales. Pese a la contingencia sanitaria por el Covid-19 y en cumplimiento con las medidas establecidas por las autoridades, el equipo astado sigue sus pr\u00e1cticas pero desde casa. A trav\u00e9s de videoconferencias matutinas, los ejercicios y la comunicaci\u00f3n del cuerpo t\u00e9cnico con los jugadores se mantiene activa de lunes a [&hellip;]<\/p>\n","protected":false},"author":2,"featured_media":77854,"comment_status":"open","ping_status":"open","sticky":false,"template":"","format":"standard","meta":{"footnotes":""},"categories":[7],"tags":[],"class_list":["post-77853","post","type-post","status-publish","format-standard","has-post-thumbnail","hentry","category-deportes"],"_links":{"self":[{"href":"http:\/\/elcuartopoder.com.mx\/nw\/wp-json\/wp\/v2\/posts\/77853","targetHints":{"allow":["GET"]}}],"collection":[{"href":"http:\/\/elcuartopoder.com.mx\/nw\/wp-json\/wp\/v2\/posts"}],"about":[{"href":"http:\/\/elcuartopoder.com.mx\/nw\/wp-json\/wp\/v2\/types\/post"}],"author":[{"embeddable":true,"href":"http:\/\/elcuartopoder.com.mx\/nw\/wp-json\/wp\/v2\/users\/2"}],"replies":[{"embeddable":true,"href":"http:\/\/elcuartopoder.com.mx\/nw\/wp-json\/wp\/v2\/comments?post=77853"}],"version-history":[{"count":1,"href":"http:\/\/elcuartopoder.com.mx\/nw\/wp-json\/wp\/v2\/posts\/77853\/revisions"}],"predecessor-version":[{"id":77855,"href":"http:\/\/elcuartopoder.com.mx\/nw\/wp-json\/wp\/v2\/posts\/77853\/revisions\/77855"}],"wp:featuredmedia":[{"embeddable":true,"href":"http:\/\/elcuartopoder.com.mx\/nw\/wp-json\/wp\/v2\/media\/77854"}],"wp:attachment":[{"href":"http:\/\/elcuartopoder.com.mx\/nw\/wp-json\/wp\/v2\/media?parent=77853"}],"wp:term":[{"taxonomy":"category","embeddable":true,"href":"http:\/\/elcuartopoder.com.mx\/nw\/wp-json\/wp\/v2\/categories?post=77853"},{"taxonomy":"post_tag","embeddable":true,"href":"http:\/\/elcuartopoder.com.mx\/nw\/wp-json\/wp\/v2\/tags?post=77853"}],"curies":[{"name":"wp","href":"https:\/\/api.w.org\/{rel}","templated":true}]}}