{"id":78280,"date":"2020-04-11T12:52:38","date_gmt":"2020-04-11T17:52:38","guid":{"rendered":"http:\/\/elcuartopoder.com.mx\/nw\/?p=78280"},"modified":"2020-04-11T12:52:41","modified_gmt":"2020-04-11T17:52:41","slug":"exjugador-del-america-quiebra-en-llanto-al-recordar-a-salvador-cabanas","status":"publish","type":"post","link":"http:\/\/elcuartopoder.com.mx\/nw\/entretenimiento\/deportes\/exjugador-del-america-quiebra-en-llanto-al-recordar-a-salvador-cabanas\/","title":{"rendered":"Exjugador del Am\u00e9rica quiebra en llanto al recordar a Salvador Caba\u00f1as"},"content":{"rendered":"\n<p>Ciudad de M\u00e9xico.- El exjugador argentino,&nbsp;<strong>Sebasti\u00e1n Dom\u00ednguez<\/strong>,&nbsp;<strong>quiebra en llanto cuando recuerda a Salvador Caba\u00f1as<\/strong>, luego de 10 a\u00f1os del atentado que sufri\u00f3 el paraguayo, en un bar al sur de la Ciudad de M\u00e9xico.<\/p>\n\n\n\n<p>Aunque Seba asegura no ser gran amigo de Caba\u00f1as, el haber compartido vestidor y algunas reuniones lo ligan a \u00e9l con cierto sentimiento. Sin embargo, no puede evitar el llanto al relatar su encuentro despu\u00e9s de que \u2018Chava\u2019 sobrevivi\u00f3 a un balazo en la cabeza.<\/p>\n\n\n\n<blockquote class=\"wp-block-quote is-layout-flow wp-block-quote-is-layout-flow\"><p>\u00abCuando lo fuimos a ver, vi que ten\u00eda cierta lentitud para algunas cosas. Hasta un momento me dice del Poncho c\u00f3mo est\u00e1 y la nena, pero le dije que no tiene, sino que Rodrigo y m\u00e1s rato la misma pregunta del Poncho y la nena\u2026 Fue bravo, dif\u00edcil, incre\u00edble\u2026 No quer\u00eda hablar de \u00e9l porque me pasa esto, no soy amigo pero no lo puedo ver as\u00ed, esa cosas nos puede pasar a cualquiera si estamos en el momento equivocado\u00bb, expres\u00f3 Dom\u00ednguez en una entrevista.<\/p><\/blockquote>\n\n\n\n<p>Respecto a c\u00f3mo se enter\u00f3 de la agresi\u00f3n contra el exgoleador de las \u00c1guilas, el ex defensa coment\u00f3 \u00abque hab\u00edamos entrado al vestuario, escuchamos\u00a0 que \u2018el jugador del Am\u00e9rica, el n\u00famero 9, recibi\u00f3 un balazo en la cabeza\u2019, nos miramos, pero nos dec\u00edan el nombre. Le llamamos a Salvador y nos atiende su mujer al tel\u00e9fono\u00bb.<\/p>\n\n\n\n<figure class=\"wp-block-embed-youtube wp-block-embed is-type-video is-provider-youtube wp-embed-aspect-16-9 wp-has-aspect-ratio\"><div class=\"wp-block-embed__wrapper\">\n<iframe loading=\"lazy\" width=\"696\" height=\"392\" src=\"https:\/\/www.youtube.com\/embed\/0ZDBg1b6WXE?feature=oembed\" frameborder=\"0\" allow=\"accelerometer; autoplay; encrypted-media; gyroscope; picture-in-picture\" allowfullscreen><\/iframe>\n<\/div><\/figure>\n\n\n\n<p>Sebasti\u00e1n Enrique jug\u00f3 s\u00f3lo un a\u00f1o con la casaca azulcrema, en el 2018, procedente de Estudiantes de la Plata. Incluso, \u00e9l y su agente desde\u00f1aron la posibilidad de ir a River Plata para jugar en M\u00e9xico. En el 2009 regres\u00f3 a su pa\u00eds, con el V\u00e9lez Sarsfield, donde se retir\u00f3 en el 2014. <\/p>\n\n\n\n<p><strong>Fuente:<\/strong> SIPSE<\/p>\n","protected":false},"excerpt":{"rendered":"<p>Ciudad de M\u00e9xico.- El exjugador argentino,&nbsp;Sebasti\u00e1n Dom\u00ednguez,&nbsp;quiebra en llanto cuando recuerda a Salvador Caba\u00f1as, luego de 10 a\u00f1os del atentado que sufri\u00f3 el paraguayo, en un bar al sur de la Ciudad de M\u00e9xico. Aunque Seba asegura no ser gran amigo de Caba\u00f1as, el haber compartido vestidor y algunas reuniones lo ligan a \u00e9l con [&hellip;]<\/p>\n","protected":false},"author":2,"featured_media":78281,"comment_status":"open","ping_status":"open","sticky":false,"template":"","format":"standard","meta":{"footnotes":""},"categories":[7],"tags":[],"class_list":["post-78280","post","type-post","status-publish","format-standard","has-post-thumbnail","hentry","category-deportes"],"_links":{"self":[{"href":"http:\/\/elcuartopoder.com.mx\/nw\/wp-json\/wp\/v2\/posts\/78280","targetHints":{"allow":["GET"]}}],"collection":[{"href":"http:\/\/elcuartopoder.com.mx\/nw\/wp-json\/wp\/v2\/posts"}],"about":[{"href":"http:\/\/elcuartopoder.com.mx\/nw\/wp-json\/wp\/v2\/types\/post"}],"author":[{"embeddable":true,"href":"http:\/\/elcuartopoder.com.mx\/nw\/wp-json\/wp\/v2\/users\/2"}],"replies":[{"embeddable":true,"href":"http:\/\/elcuartopoder.com.mx\/nw\/wp-json\/wp\/v2\/comments?post=78280"}],"version-history":[{"count":1,"href":"http:\/\/elcuartopoder.com.mx\/nw\/wp-json\/wp\/v2\/posts\/78280\/revisions"}],"predecessor-version":[{"id":78282,"href":"http:\/\/elcuartopoder.com.mx\/nw\/wp-json\/wp\/v2\/posts\/78280\/revisions\/78282"}],"wp:featuredmedia":[{"embeddable":true,"href":"http:\/\/elcuartopoder.com.mx\/nw\/wp-json\/wp\/v2\/media\/78281"}],"wp:attachment":[{"href":"http:\/\/elcuartopoder.com.mx\/nw\/wp-json\/wp\/v2\/media?parent=78280"}],"wp:term":[{"taxonomy":"category","embeddable":true,"href":"http:\/\/elcuartopoder.com.mx\/nw\/wp-json\/wp\/v2\/categories?post=78280"},{"taxonomy":"post_tag","embeddable":true,"href":"http:\/\/elcuartopoder.com.mx\/nw\/wp-json\/wp\/v2\/tags?post=78280"}],"curies":[{"name":"wp","href":"https:\/\/api.w.org\/{rel}","templated":true}]}}