{"id":78469,"date":"2020-04-17T16:33:15","date_gmt":"2020-04-17T21:33:15","guid":{"rendered":"http:\/\/elcuartopoder.com.mx\/nw\/?p=78469"},"modified":"2020-04-17T16:33:18","modified_gmt":"2020-04-17T21:33:18","slug":"bancos-centrales-de-america-latina-deben-adoptar-medidas-no-convencionales-por-coronavirus","status":"publish","type":"post","link":"http:\/\/elcuartopoder.com.mx\/nw\/editorial\/bancos-centrales-de-america-latina-deben-adoptar-medidas-no-convencionales-por-coronavirus\/","title":{"rendered":"Bancos centrales de Am\u00e9rica Latina deben adoptar medidas \u201cno convencionales\u201d por coronavirus"},"content":{"rendered":"\n<p>Un informe del Banco Interamericano de Desarrollo (BID) sostiene que los bancos centrales de Am\u00e9rica Latina y el Caribe deber\u00edan adoptar medidas \u00abno convencionales\u00bb para evitar las consecuencias permanentes del shock resultante del nuevo coronavirus en la regi\u00f3n.<\/p>\n\n\n\n<p>Adem\u00e1s de las herramientas tradicionales, como los recortes de tasas de inter\u00e9s, los bancos centrales deben tomar medidas no convencionales para evitar las consecuencias permanentes de un shock negativo, transitorio pero potencialmente grave, dice el documento obtenido por Reuters.<\/p>\n\n\n\n<p>El informe sostiene que el Producto Interno Bruto de la regi\u00f3n sufrir\u00e1 reducciones significativas en 2020, entre un 1.8% en un escenario moderado y un 5.5% en el m\u00e1s extremo, debido al impacto de la pandemia.<\/p>\n\n\n\n<p>De acuerdo con el organismo internacional, el da\u00f1o econ\u00f3mico se mantendr\u00e1 durante los pr\u00f3ximos dos a\u00f1os, a menos que los gobiernos de los 26 pa\u00edses de la regi\u00f3n implementen programas enfocados para compensar los impactos. El reporte sostuvo que la regi\u00f3n se ver\u00e1 muy afectada en t\u00e9rminos de reducci\u00f3n del PIB.<\/p>\n\n\n\n<p>La proyecci\u00f3n de crecimiento para toda Am\u00e9rica Latina y el Caribe, que era del 2.1%, puede caer en un 2.1% entre 2020 y 2022, en el escenario m\u00e1s moderado, y hasta un 4.8% en el m\u00e1s cr\u00edtico, de acuerdo al BID.<\/p>\n\n\n\n<p>El BID sostuvo que los objetivos principales de las pol\u00edticas macroecon\u00f3micas durante la pandemia deber\u00edan ser compensar a los trabajadores, especialmente los m\u00e1s vulnerables, para ayudar a las empresas a mantener el empleo y apoyar a los bancos para llevar a cabo operaciones que ayuden a la econom\u00eda.<\/p>\n\n\n\n<p><strong>Fuente:<\/strong> eleconomista<br><\/p>\n","protected":false},"excerpt":{"rendered":"<p>Un informe del Banco Interamericano de Desarrollo (BID) sostiene que los bancos centrales de Am\u00e9rica Latina y el Caribe deber\u00edan adoptar medidas \u00abno convencionales\u00bb para evitar las consecuencias permanentes del shock resultante del nuevo coronavirus en la regi\u00f3n. Adem\u00e1s de las herramientas tradicionales, como los recortes de tasas de inter\u00e9s, los bancos centrales deben tomar [&hellip;]<\/p>\n","protected":false},"author":2,"featured_media":78470,"comment_status":"open","ping_status":"open","sticky":false,"template":"","format":"standard","meta":{"footnotes":""},"categories":[63],"tags":[],"class_list":["post-78469","post","type-post","status-publish","format-standard","has-post-thumbnail","hentry","category-editorial"],"_links":{"self":[{"href":"http:\/\/elcuartopoder.com.mx\/nw\/wp-json\/wp\/v2\/posts\/78469","targetHints":{"allow":["GET"]}}],"collection":[{"href":"http:\/\/elcuartopoder.com.mx\/nw\/wp-json\/wp\/v2\/posts"}],"about":[{"href":"http:\/\/elcuartopoder.com.mx\/nw\/wp-json\/wp\/v2\/types\/post"}],"author":[{"embeddable":true,"href":"http:\/\/elcuartopoder.com.mx\/nw\/wp-json\/wp\/v2\/users\/2"}],"replies":[{"embeddable":true,"href":"http:\/\/elcuartopoder.com.mx\/nw\/wp-json\/wp\/v2\/comments?post=78469"}],"version-history":[{"count":1,"href":"http:\/\/elcuartopoder.com.mx\/nw\/wp-json\/wp\/v2\/posts\/78469\/revisions"}],"predecessor-version":[{"id":78471,"href":"http:\/\/elcuartopoder.com.mx\/nw\/wp-json\/wp\/v2\/posts\/78469\/revisions\/78471"}],"wp:featuredmedia":[{"embeddable":true,"href":"http:\/\/elcuartopoder.com.mx\/nw\/wp-json\/wp\/v2\/media\/78470"}],"wp:attachment":[{"href":"http:\/\/elcuartopoder.com.mx\/nw\/wp-json\/wp\/v2\/media?parent=78469"}],"wp:term":[{"taxonomy":"category","embeddable":true,"href":"http:\/\/elcuartopoder.com.mx\/nw\/wp-json\/wp\/v2\/categories?post=78469"},{"taxonomy":"post_tag","embeddable":true,"href":"http:\/\/elcuartopoder.com.mx\/nw\/wp-json\/wp\/v2\/tags?post=78469"}],"curies":[{"name":"wp","href":"https:\/\/api.w.org\/{rel}","templated":true}]}}