{"id":78476,"date":"2020-04-18T12:20:08","date_gmt":"2020-04-18T17:20:08","guid":{"rendered":"http:\/\/elcuartopoder.com.mx\/nw\/?p=78476"},"modified":"2020-04-18T12:20:10","modified_gmt":"2020-04-18T17:20:10","slug":"cancelar-tren-maya-golpeteo-politico","status":"publish","type":"post","link":"http:\/\/elcuartopoder.com.mx\/nw\/politica\/cancelar-tren-maya-golpeteo-politico\/","title":{"rendered":"Cancelar Tren Maya: Golpeteo pol\u00edtico"},"content":{"rendered":"\n<p>Sobre el aval de un juez federal para que recursos de diversos proyectos del Gobierno Federal, entre ellos el Tren Maya, sean usados para contrarrestar los efectos econ\u00f3micos de la pandemia, el director general de Fonatur, Rogelio Jim\u00e9nez Pons, afirm\u00f3 que estas propuestas est\u00e1n alentadas por quienes desean desestabilizar al Gobierno m\u00e1s que por buscar mejorar los temas econ\u00f3micos y de salud del pa\u00eds;&nbsp; pero indic\u00f3 que s\u00ed podr\u00edan sentarse a la mesa de di\u00e1logo aunque desconoce con quien, espec\u00edficamente, ser\u00eda el acercamiento.<\/p>\n\n\n\n<p>\u201cYo creo que eso est\u00e1 m\u00e1s en el orden de la cuesti\u00f3n pol\u00edtica que en la judicial, entonces hay que ver como se desenvuelve el tema, pues evidentemente es mucho el golpeteo pol\u00edtico en esto; todo depende de c\u00f3mo se vayan a desarrollar los siguientes d\u00edas y si las medidas que se tomaron en cuenta son suficientes y pues bueno la flexibilidad siempre la va a ver, el chiste es que sea oportuno porque si tu cortas un proyecto estrat\u00e9gico as\u00ed como as\u00ed, para que retome fuerza ser\u00e1 muy dif\u00edcil\u201d, dijo Jim\u00e9nez Pons.<\/p>\n\n\n\n<p>Manifest\u00f3 entender la emergencia por la que est\u00e1 pasando el pa\u00eds por el Coronavirus COVID -19, reiterando que estas cr\u00edticas las ve m\u00e1s con desesperaci\u00f3n de golpear al presidente que realmente como una medida oportuna para la crisis econ\u00f3mica.<\/p>\n\n\n\n<p>\u201cHay que ver si las medidas que se est\u00e1n aplicando hasta este momento son suficientes y de no serlo entonces s\u00ed, pero ahorita no se ha dicho nada, todos son golpeteos pol\u00edticos, en lugar de eso se deber\u00eda de convocar a una reuni\u00f3n nacional por estos grupos de inter\u00e9s que han estado atacando todos estos proyectos estrat\u00e9gicos, Ahora te hablo de una reuni\u00f3n, pero realmente no tengo ni idea con quienes podr\u00eda ser esta reuni\u00f3n, es decir dialogar \u00bfcon qui\u00e9n?\u201d, refiri\u00f3 el director de Fonatur.<\/p>\n\n\n\n<p>Afirm\u00f3 que \u201csiendo claros\u201d, el objetivo de esta gente no es buscar las mejores opciones para sobrellevar los programas de salud, sino descarrilar los proyectos estrat\u00e9gicos, y si esa es la intenci\u00f3n, pierden objetividad.<\/p>\n\n\n\n<p>Hay que recordar que la petici\u00f3n de esta reasignaci\u00f3n de recursos del Tren Maya se origin\u00f3 de parte de empresarios del sector tur\u00edstico de Baja California, por lo que el titular del Juzgado Segundo de Distrito de esa entidad, en un acuerdo publicado a inicios de la presente semana, estim\u00f3 que el presupuesto o parte de \u00e9ste, contemplado para los proyectos del Tren Maya, la Refiner\u00eda de Dos Bocas, el Corredor Trans\u00edsmico, \u201cj\u00f3venes construyendo el futuro\u201d y el Aeropuerto de Santa Luc\u00eda, podr\u00edan canalizarse a resolver la crisis econ\u00f3mica y de salud del pa\u00eds.<\/p>\n\n\n\n<p><strong>Fuente:<\/strong> POR ESTO!<\/p>\n","protected":false},"excerpt":{"rendered":"<p>Sobre el aval de un juez federal para que recursos de diversos proyectos del Gobierno Federal, entre ellos el Tren Maya, sean usados para contrarrestar los efectos econ\u00f3micos de la pandemia, el director general de Fonatur, Rogelio Jim\u00e9nez Pons, afirm\u00f3 que estas propuestas est\u00e1n alentadas por quienes desean desestabilizar al Gobierno m\u00e1s que por buscar [&hellip;]<\/p>\n","protected":false},"author":2,"featured_media":78477,"comment_status":"open","ping_status":"open","sticky":false,"template":"","format":"standard","meta":{"footnotes":""},"categories":[61],"tags":[],"class_list":["post-78476","post","type-post","status-publish","format-standard","has-post-thumbnail","hentry","category-politica"],"_links":{"self":[{"href":"http:\/\/elcuartopoder.com.mx\/nw\/wp-json\/wp\/v2\/posts\/78476","targetHints":{"allow":["GET"]}}],"collection":[{"href":"http:\/\/elcuartopoder.com.mx\/nw\/wp-json\/wp\/v2\/posts"}],"about":[{"href":"http:\/\/elcuartopoder.com.mx\/nw\/wp-json\/wp\/v2\/types\/post"}],"author":[{"embeddable":true,"href":"http:\/\/elcuartopoder.com.mx\/nw\/wp-json\/wp\/v2\/users\/2"}],"replies":[{"embeddable":true,"href":"http:\/\/elcuartopoder.com.mx\/nw\/wp-json\/wp\/v2\/comments?post=78476"}],"version-history":[{"count":1,"href":"http:\/\/elcuartopoder.com.mx\/nw\/wp-json\/wp\/v2\/posts\/78476\/revisions"}],"predecessor-version":[{"id":78478,"href":"http:\/\/elcuartopoder.com.mx\/nw\/wp-json\/wp\/v2\/posts\/78476\/revisions\/78478"}],"wp:featuredmedia":[{"embeddable":true,"href":"http:\/\/elcuartopoder.com.mx\/nw\/wp-json\/wp\/v2\/media\/78477"}],"wp:attachment":[{"href":"http:\/\/elcuartopoder.com.mx\/nw\/wp-json\/wp\/v2\/media?parent=78476"}],"wp:term":[{"taxonomy":"category","embeddable":true,"href":"http:\/\/elcuartopoder.com.mx\/nw\/wp-json\/wp\/v2\/categories?post=78476"},{"taxonomy":"post_tag","embeddable":true,"href":"http:\/\/elcuartopoder.com.mx\/nw\/wp-json\/wp\/v2\/tags?post=78476"}],"curies":[{"name":"wp","href":"https:\/\/api.w.org\/{rel}","templated":true}]}}