{"id":78492,"date":"2020-04-18T20:59:48","date_gmt":"2020-04-19T01:59:48","guid":{"rendered":"http:\/\/elcuartopoder.com.mx\/nw\/?p=78492"},"modified":"2020-04-18T20:59:51","modified_gmt":"2020-04-19T01:59:51","slug":"las-familias-podran-decidir-si-incineran-o-sepultan-a-los-fallecidos-por-covid-19","status":"publish","type":"post","link":"http:\/\/elcuartopoder.com.mx\/nw\/nacionales\/las-familias-podran-decidir-si-incineran-o-sepultan-a-los-fallecidos-por-covid-19\/","title":{"rendered":"Las familias podr\u00e1n decidir si incineran o sepultan a los fallecidos por Covid-19"},"content":{"rendered":"\n<p>Ciudad de M\u00e9xico.- El subsecretario de Salud, Hugo L\u00f3pez-Gatell, anunci\u00f3 que hoy se public\u00f3 un decreto en el Diario Oficial de la Federaci\u00f3n (DOF), en el cual la Secretar\u00eda de Salud proh\u00edbe la incineraci\u00f3n de cuerpos&nbsp;<strong>de personas que fallecieron por el Covid-19 y no fueron identificados o reclamados<\/strong>.<\/p>\n\n\n\n<p>En el documento que se public\u00f3 en la edici\u00f3n vespertina del DOF, se proh\u00edbe la incineraci\u00f3n e inhumaci\u00f3n de dichos cuerpos como lo establece&nbsp;<strong>la Ley General en Materia de Desaparici\u00f3n Forzada de Personas<\/strong>.<\/p>\n\n\n\n<p>El acuerdo indica que las autoridades deber\u00e1n especificar que se trata de una defunci\u00f3n por la enfermedad causada por el Covid-19.&nbsp; En el caso de que los cuerpos sospechosos o confirmados de Covid-19,&nbsp;<strong>no se podr\u00e1 realizar su exhumaci\u00f3n antes de 180 d\u00edas<\/strong>&nbsp;a partir de la fecha en que se haya inhumado.<\/p>\n\n\n\n<p>Los estados que ya emitieron decretos o lineamientos en los que se recomienda la incineraci\u00f3n de personas que murieron por Covid-19,&nbsp;<strong>tendr\u00e1n que ajustarlos al acuerdo<\/strong>.<\/p>\n\n\n\n<p>L\u00f3pez-Gatell indic\u00f3 que en el caso de que un cuerpo es reclamado e identificado, los familiares&nbsp;<strong>podr\u00e1n recurrir al proceso que decidan<\/strong>, ya sea inhumaci\u00f3n o incineraci\u00f3n de los restos.<\/p>\n\n\n\n<p>\u201cLos cuerpos que s\u00ed son reclamados por sus familiares pueden proceder a la incineraci\u00f3n. Las familias\u00a0<strong>son libres de decidir el tipo de servicio que prefieren para sepultar a sus fallecidos<\/strong>\u201d, enfatiz\u00f3.<\/p>\n\n\n\n<p><strong>Fuente:<\/strong> SIPSE<\/p>\n","protected":false},"excerpt":{"rendered":"<p>Ciudad de M\u00e9xico.- El subsecretario de Salud, Hugo L\u00f3pez-Gatell, anunci\u00f3 que hoy se public\u00f3 un decreto en el Diario Oficial de la Federaci\u00f3n (DOF), en el cual la Secretar\u00eda de Salud proh\u00edbe la incineraci\u00f3n de cuerpos&nbsp;de personas que fallecieron por el Covid-19 y no fueron identificados o reclamados. En el documento que se public\u00f3 en [&hellip;]<\/p>\n","protected":false},"author":2,"featured_media":78493,"comment_status":"open","ping_status":"open","sticky":false,"template":"","format":"standard","meta":{"footnotes":""},"categories":[55],"tags":[],"class_list":["post-78492","post","type-post","status-publish","format-standard","has-post-thumbnail","hentry","category-nacionales"],"_links":{"self":[{"href":"http:\/\/elcuartopoder.com.mx\/nw\/wp-json\/wp\/v2\/posts\/78492","targetHints":{"allow":["GET"]}}],"collection":[{"href":"http:\/\/elcuartopoder.com.mx\/nw\/wp-json\/wp\/v2\/posts"}],"about":[{"href":"http:\/\/elcuartopoder.com.mx\/nw\/wp-json\/wp\/v2\/types\/post"}],"author":[{"embeddable":true,"href":"http:\/\/elcuartopoder.com.mx\/nw\/wp-json\/wp\/v2\/users\/2"}],"replies":[{"embeddable":true,"href":"http:\/\/elcuartopoder.com.mx\/nw\/wp-json\/wp\/v2\/comments?post=78492"}],"version-history":[{"count":1,"href":"http:\/\/elcuartopoder.com.mx\/nw\/wp-json\/wp\/v2\/posts\/78492\/revisions"}],"predecessor-version":[{"id":78494,"href":"http:\/\/elcuartopoder.com.mx\/nw\/wp-json\/wp\/v2\/posts\/78492\/revisions\/78494"}],"wp:featuredmedia":[{"embeddable":true,"href":"http:\/\/elcuartopoder.com.mx\/nw\/wp-json\/wp\/v2\/media\/78493"}],"wp:attachment":[{"href":"http:\/\/elcuartopoder.com.mx\/nw\/wp-json\/wp\/v2\/media?parent=78492"}],"wp:term":[{"taxonomy":"category","embeddable":true,"href":"http:\/\/elcuartopoder.com.mx\/nw\/wp-json\/wp\/v2\/categories?post=78492"},{"taxonomy":"post_tag","embeddable":true,"href":"http:\/\/elcuartopoder.com.mx\/nw\/wp-json\/wp\/v2\/tags?post=78492"}],"curies":[{"name":"wp","href":"https:\/\/api.w.org\/{rel}","templated":true}]}}