{"id":78495,"date":"2020-04-18T21:05:26","date_gmt":"2020-04-19T02:05:26","guid":{"rendered":"http:\/\/elcuartopoder.com.mx\/nw\/?p=78495"},"modified":"2020-04-18T21:05:28","modified_gmt":"2020-04-19T02:05:28","slug":"dejan-en-libertad-a-mas-de-mil-reos-tras-contingencia-sanitaria-por-covid-19","status":"publish","type":"post","link":"http:\/\/elcuartopoder.com.mx\/nw\/policiacas\/dejan-en-libertad-a-mas-de-mil-reos-tras-contingencia-sanitaria-por-covid-19\/","title":{"rendered":"Dejan en libertad a m\u00e1s de mil reos tras contingencia sanitaria por COVID-19"},"content":{"rendered":"\n<p>M\u00c9XICO.- Ante la emergencia sanitaria por Covid-19 en el pa\u00eds,<strong>&nbsp;la Secretar\u00eda de Seguridad del Estado de M\u00e9xico (SSEM) liber\u00f3 a mil 894 reos<\/strong>&nbsp;de distintas c\u00e1rceles de la entidad para evitar contagios.<br><\/p>\n\n\n\n<p>Las liberaciones<strong>&nbsp;fueron aprobadas por acuerdo del Poder Judicial del Estado de M\u00e9xico<\/strong>&nbsp;y la SSEM, quienes analizaron y determinaron la libertad de sentenciados por delitos no graves.<br><\/p>\n\n\n\n<p>Del total de liberaciones, 59 fueron concedidas por razones humanitarias y la otras mil 835 fueron realizadas como liberaciones anticipadas mediante el mecanismo de&nbsp;<strong>brazalete electr\u00f3nico.<\/strong><br><\/p>\n\n\n\n<blockquote class=\"wp-block-quote is-layout-flow wp-block-quote-is-layout-flow\"><p>\u00abLa implementaci\u00f3n de esta medida, que atiende a razones humanitarias, tiene como prop\u00f3sito asegurar el bienestar de quienes se encuentran en mayor situaci\u00f3n de vulnerabilidad, como sucede con las personas de edad avanzada, enfermos terminales, pacientes psiqui\u00e1tricos y mujeres embarazadas o con hijos\u00bb, dijo la SSEM.<br><\/p><\/blockquote>\n\n\n\n<p>Las instituciones analizan otros<strong>&nbsp;5 mil 500 casos de reos que podr\u00edan ser liberados,<\/strong>&nbsp;de los cuales 248 podr\u00edan entrar al esquema de raz\u00f3n humanitaria.<br><\/p>\n\n\n\n<blockquote class=\"wp-block-quote is-layout-flow wp-block-quote-is-layout-flow\"><p>\u00abAtendiendo a las necesidades que se presentan en los Centros Penitenciarios de la entidad por el virus Covid-19, la Secretar\u00eda de Seguridad (SS) en coordinaci\u00f3n con el Poder Judicial del Estado de M\u00e9xico, han decidido fortalecer los mecanismos de beneficios preliberacionales\u00bb, indic\u00f3.<br><\/p><\/blockquote>\n\n\n\n<p>La semana pasada la Secretar\u00eda de Seguridad<strong>&nbsp;registr\u00f3 un brote de Covid-19 dentro del penal<\/strong>&nbsp;de Cuautitl\u00e1n con 23 reclusos con s\u00edntomas, cuatro de ellos resultaron casos positivos.<br><\/p>\n\n\n\n<p>Los reos fueron<strong>\u00a0trasladados al penal Neza-Norte<\/strong>\u00a0que fue habilitado como hospital carcelario ante la pandemia, por lo que contin\u00faan en observaci\u00f3n m\u00e9dica.<\/p>\n\n\n\n<p><strong>Fuente:<\/strong> SIPSE<\/p>\n","protected":false},"excerpt":{"rendered":"<p>M\u00c9XICO.- Ante la emergencia sanitaria por Covid-19 en el pa\u00eds,&nbsp;la Secretar\u00eda de Seguridad del Estado de M\u00e9xico (SSEM) liber\u00f3 a mil 894 reos&nbsp;de distintas c\u00e1rceles de la entidad para evitar contagios. Las liberaciones&nbsp;fueron aprobadas por acuerdo del Poder Judicial del Estado de M\u00e9xico&nbsp;y la SSEM, quienes analizaron y determinaron la libertad de sentenciados por delitos [&hellip;]<\/p>\n","protected":false},"author":2,"featured_media":78496,"comment_status":"open","ping_status":"open","sticky":false,"template":"","format":"standard","meta":{"footnotes":""},"categories":[23],"tags":[],"class_list":["post-78495","post","type-post","status-publish","format-standard","has-post-thumbnail","hentry","category-policiacas"],"_links":{"self":[{"href":"http:\/\/elcuartopoder.com.mx\/nw\/wp-json\/wp\/v2\/posts\/78495","targetHints":{"allow":["GET"]}}],"collection":[{"href":"http:\/\/elcuartopoder.com.mx\/nw\/wp-json\/wp\/v2\/posts"}],"about":[{"href":"http:\/\/elcuartopoder.com.mx\/nw\/wp-json\/wp\/v2\/types\/post"}],"author":[{"embeddable":true,"href":"http:\/\/elcuartopoder.com.mx\/nw\/wp-json\/wp\/v2\/users\/2"}],"replies":[{"embeddable":true,"href":"http:\/\/elcuartopoder.com.mx\/nw\/wp-json\/wp\/v2\/comments?post=78495"}],"version-history":[{"count":1,"href":"http:\/\/elcuartopoder.com.mx\/nw\/wp-json\/wp\/v2\/posts\/78495\/revisions"}],"predecessor-version":[{"id":78497,"href":"http:\/\/elcuartopoder.com.mx\/nw\/wp-json\/wp\/v2\/posts\/78495\/revisions\/78497"}],"wp:featuredmedia":[{"embeddable":true,"href":"http:\/\/elcuartopoder.com.mx\/nw\/wp-json\/wp\/v2\/media\/78496"}],"wp:attachment":[{"href":"http:\/\/elcuartopoder.com.mx\/nw\/wp-json\/wp\/v2\/media?parent=78495"}],"wp:term":[{"taxonomy":"category","embeddable":true,"href":"http:\/\/elcuartopoder.com.mx\/nw\/wp-json\/wp\/v2\/categories?post=78495"},{"taxonomy":"post_tag","embeddable":true,"href":"http:\/\/elcuartopoder.com.mx\/nw\/wp-json\/wp\/v2\/tags?post=78495"}],"curies":[{"name":"wp","href":"https:\/\/api.w.org\/{rel}","templated":true}]}}