{"id":78498,"date":"2020-04-18T21:13:36","date_gmt":"2020-04-19T02:13:36","guid":{"rendered":"http:\/\/elcuartopoder.com.mx\/nw\/?p=78498"},"modified":"2020-04-18T21:13:39","modified_gmt":"2020-04-19T02:13:39","slug":"salvan-al-fonca-de-la-extincion-pero-tendra-nuevas-reglas","status":"publish","type":"post","link":"http:\/\/elcuartopoder.com.mx\/nw\/nacionales\/salvan-al-fonca-de-la-extincion-pero-tendra-nuevas-reglas\/","title":{"rendered":"Salvan al Fonca de la extinci\u00f3n\u2026 pero tendr\u00e1 nuevas reglas"},"content":{"rendered":"\n<p>CIUDAD DE M\u00c9XICO.- El Fondo Nacional para la Cultura y las Artes&nbsp;<strong>(Fonca)&nbsp;ser\u00e1 incorporado a la estructura org\u00e1nica de la Secretar\u00eda de Cultura<\/strong>, esto para que no sea extinguido tras el decreto presidencial que instruye a extinguir todos los fideicomisos p\u00fablicos sin estructura org\u00e1nica, mandatos o an\u00e1logos.<\/p>\n\n\n\n<p>La Secretar\u00eda de Cultura inform\u00f3 a trav\u00e9s de un comunicado que con este cambio,&nbsp;<strong>el Fonca podr\u00e1 tener reglas de operaci\u00f3n<\/strong>&nbsp;\u201cclaras, transparentes y sin espacio a la corrupci\u00f3n, adem\u00e1s de dotarlo de certeza jur\u00eddica\u201d.<\/p>\n\n\n\n<p>Agreg\u00f3 que durante el periodo de transici\u00f3n&nbsp;<strong>se mantendr\u00e1n los apoyos y becas<\/strong>, mientras que las convocatorias que est\u00e9n abiertas seguir\u00e1n su curso.<\/p>\n\n\n\n<p>Tras la publicaci\u00f3n del decreto presidencial publicado el 2 de abril en el Diario Oficial de la Federaci\u00f3n (DOF), la Secretar\u00eda de Cultura inform\u00f3 que&nbsp;los fideicomisos que adem\u00e1s de Fonca hab\u00eda otros casos que no aplicaban de acuerdo a los criterios del decreto, por lo que se realizar\u00edan las gestiones necesarias.<\/p>\n\n\n\n<h2 class=\"wp-block-heading\"><strong>Se mantendr\u00e1n los apoyos y becas del Fonca actualmente en funcionamiento<\/strong><\/h2>\n\n\n\n<p>Uno de esos casos era el&nbsp;<strong>Foprocine, que ahora se fusiona con el Fondo de Inversi\u00f3n y Est\u00edmulos al Cine (Fidecine):<\/strong><\/p>\n\n\n\n<p>\u201ccomo uno solo que apoye la creaci\u00f3n cinematogr\u00e1fica de calidad, este operar\u00e1 con los recursos de ambos. Durante el proceso de transici\u00f3n&nbsp;los apoyos comprometidos por este fondo seguir\u00e1n operando con toda normalidad\u201d, se\u00f1al\u00f3 la dependencia.<\/p>\n\n\n\n<p>Con respecto al&nbsp;<strong>Mandato del Antiguo Colegio de San Ildefonso<\/strong>&nbsp;seguir\u00e1 funcionando como lo hace desde 1994, bajo&nbsp;un mandato tripartita&nbsp;conformado por la Universidad Nacional Aut\u00f3noma de M\u00e9xico, la Secretar\u00eda de Cultura del Gobierno de M\u00e9xico y el Gobierno de la Ciudad de M\u00e9xico.<\/p>\n\n\n\n<h2 class=\"wp-block-heading\"><strong>\u00bfCu\u00e1les son los fideicomisos que quedan extintos definitivamente?<\/strong><\/h2>\n\n\n\n<ul class=\"wp-block-list\"><li>Fideicomiso para el Fomento y la Conservaci\u00f3n del Patrimonio Cultural Antropol\u00f3gico, Arqueol\u00f3gico e Hist\u00f3rico de M\u00e9xico (Fideinah),<\/li><li>Fideicomiso para la Adaptaci\u00f3n de los Museos Diego Rivera y Frida Kahlo,<\/li><li>Fideicomiso para Apoyar la Construcci\u00f3n del Centro Nacional de la Artes (Ficenart),<\/li><li>Fideicomiso para la Conservaci\u00f3n de la Casa del Risco y Pinacoteca Isidro Fabela,<\/li><li>Fideicomiso irrevocable de Administraci\u00f3n Museo Regional de Guadalupe, Zacatecas,<\/li><li>Fideicomiso privado irrevocable de Administraci\u00f3n de Santo Domingo de Guzm\u00e1n, Chiapas,<\/li><li>Fideicomiso irrevocable de Administraci\u00f3n del Centro Santo Domingo, Oaxaca.<\/li><\/ul>\n\n\n\n<p>Sobre el Fideinah, la dependencia indic\u00f3 que&nbsp;<\/p>\n\n\n\n<blockquote class=\"wp-block-quote is-layout-flow wp-block-quote-is-layout-flow\"><p>\u201cse extinguir\u00e1 una vez que se hayan agotado los recursos comprometidos hasta ahora. Cabe recordar que este fideicomiso no compromete de manera alguna la misi\u00f3n central del Instituto Nacional de Antropolog\u00eda e Historia (INAH).&nbsp;As\u00ed mismo, se trabaja en el desarrollo de un mecanismo que permita cumplir con los lineamientos de transparencia, austeridad y rendici\u00f3n de cuentas, el cual permita hacer frente a los planes de inversi\u00f3n y de obra p\u00fablica que&nbsp;INAH&nbsp;y la Secretar\u00eda de Cultura tracen cada a\u00f1o\u201d.<\/p><\/blockquote>\n\n\n\n<p><strong>Fuente:<\/strong> POR ESTO!<\/p>\n","protected":false},"excerpt":{"rendered":"<p>CIUDAD DE M\u00c9XICO.- El Fondo Nacional para la Cultura y las Artes&nbsp;(Fonca)&nbsp;ser\u00e1 incorporado a la estructura org\u00e1nica de la Secretar\u00eda de Cultura, esto para que no sea extinguido tras el decreto presidencial que instruye a extinguir todos los fideicomisos p\u00fablicos sin estructura org\u00e1nica, mandatos o an\u00e1logos. La Secretar\u00eda de Cultura inform\u00f3 a trav\u00e9s de un [&hellip;]<\/p>\n","protected":false},"author":2,"featured_media":78499,"comment_status":"open","ping_status":"open","sticky":false,"template":"","format":"standard","meta":{"footnotes":""},"categories":[55],"tags":[],"class_list":["post-78498","post","type-post","status-publish","format-standard","has-post-thumbnail","hentry","category-nacionales"],"_links":{"self":[{"href":"http:\/\/elcuartopoder.com.mx\/nw\/wp-json\/wp\/v2\/posts\/78498","targetHints":{"allow":["GET"]}}],"collection":[{"href":"http:\/\/elcuartopoder.com.mx\/nw\/wp-json\/wp\/v2\/posts"}],"about":[{"href":"http:\/\/elcuartopoder.com.mx\/nw\/wp-json\/wp\/v2\/types\/post"}],"author":[{"embeddable":true,"href":"http:\/\/elcuartopoder.com.mx\/nw\/wp-json\/wp\/v2\/users\/2"}],"replies":[{"embeddable":true,"href":"http:\/\/elcuartopoder.com.mx\/nw\/wp-json\/wp\/v2\/comments?post=78498"}],"version-history":[{"count":1,"href":"http:\/\/elcuartopoder.com.mx\/nw\/wp-json\/wp\/v2\/posts\/78498\/revisions"}],"predecessor-version":[{"id":78502,"href":"http:\/\/elcuartopoder.com.mx\/nw\/wp-json\/wp\/v2\/posts\/78498\/revisions\/78502"}],"wp:featuredmedia":[{"embeddable":true,"href":"http:\/\/elcuartopoder.com.mx\/nw\/wp-json\/wp\/v2\/media\/78499"}],"wp:attachment":[{"href":"http:\/\/elcuartopoder.com.mx\/nw\/wp-json\/wp\/v2\/media?parent=78498"}],"wp:term":[{"taxonomy":"category","embeddable":true,"href":"http:\/\/elcuartopoder.com.mx\/nw\/wp-json\/wp\/v2\/categories?post=78498"},{"taxonomy":"post_tag","embeddable":true,"href":"http:\/\/elcuartopoder.com.mx\/nw\/wp-json\/wp\/v2\/tags?post=78498"}],"curies":[{"name":"wp","href":"https:\/\/api.w.org\/{rel}","templated":true}]}}