{"id":78503,"date":"2020-04-18T21:21:58","date_gmt":"2020-04-19T02:21:58","guid":{"rendered":"http:\/\/elcuartopoder.com.mx\/nw\/?p=78503"},"modified":"2020-04-18T21:22:05","modified_gmt":"2020-04-19T02:22:05","slug":"garantiza-eeuu-la-venta-de-mil-ventiladores-para-enfermos-de-covid-19","status":"publish","type":"post","link":"http:\/\/elcuartopoder.com.mx\/nw\/internacionales\/garantiza-eeuu-la-venta-de-mil-ventiladores-para-enfermos-de-covid-19\/","title":{"rendered":"Garantiza EEUU la venta de mil ventiladores para enfermos de Covid-19"},"content":{"rendered":"\n<p>Ciudad de M\u00e9xico.- El presidente Andr\u00e9s Manuel L\u00f3pez Obrador inform\u00f3 que este viernes el mandatario de Estados Unidos, Donald Trump lo llam\u00f3 para garantizarle que, tras la solicitud hecha, a finales de este mes&nbsp;<strong>M\u00e9xico tendr\u00e1 mil ventiladores para canalizarlos a la contingencia del Covid-19.<\/strong><\/p>\n\n\n\n<p>AMLO anunci\u00f3 que para agradecerle personalmente este gesto de ayuda y como testimonio de la entrada en vigor del T-MEC, le plante\u00f3 a su hom\u00f3logo la&nbsp;<strong>posibilidad de reunirse en junio o julio<\/strong>.&nbsp;<\/p>\n\n\n\n<p>En una serie de mensajes difundidos en su cuenta de Twitter, el titular del Ejecutivo federal, indic\u00f3 que adem\u00e1s de que M\u00e9xico podr\u00e1 obtener los mil ventiladores y equipo m\u00e9dico, el mandatario estadounidense le garantiz\u00f3 que M\u00e9xico podr\u00e1 adquirir m\u00e1s de estos insumos debido a&nbsp;<strong>que no existen restricciones para la compra de este equipo m\u00e9dico en Estados Unidos<\/strong>.&nbsp;<\/p>\n\n\n\n<p>\u00abMe llam\u00f3 el presidente Donald Trump para responder a la solicitud que le hicimos sobre la adquisici\u00f3n de ventiladores y equipo m\u00e9dico de terapia intensiva. Me garantiz\u00f3 que a finales de este mes tendremos mil y podremos adquirir otros m\u00e1s porque nuestro pa\u00eds no tiene restricciones para las compras de equipo de Estados Unidos.&nbsp;<strong>Es un nuevo gesto de solidaridad con M\u00e9xico.<\/strong>&nbsp;<\/p>\n\n\n\n<p>\u00abLe plante\u00e9 la posibilidad de encontrarnos en junio o julio para externarle personalmente nuestro agradecimiento y dar testimonio de la entrada en vigor del T-MEC\u00bb.<\/p>\n\n\n\n<p>En los mensajes, en los que&nbsp;<strong>aparece acompa\u00f1ado por el canciller Marcelo Ebrard<\/strong>, L\u00f3pez Obrador envi\u00f3 un saludo a los connacionales, as\u00ed como al pueblo estadounidense.&nbsp;<\/p>\n\n\n\n<p>El pasado 10 de abril, Andr\u00e9s Manuel L\u00f3pez Obrador inform\u00f3 que hab\u00eda solicitado al presidente de Estados Unidos su ayuda para que su gobierno vendiera a M\u00e9xico 1<strong>0 mil ventiladores y 10 mil monitores<\/strong>&nbsp;para canalizarlos al combate del coronavirus.&nbsp;<\/p>\n\n\n\n<p>En conferencia de prensa en Palacio Nacional, el titular del Ejecutivo federal detall\u00f3 que su hom\u00f3logo le contest\u00f3 que lo consultar\u00eda con su equipo de abasto de estos insumos y que le responder\u00eda.&nbsp;<\/p>\n\n\n\n<p>\u00abLlevamos buenas relaciones (con el gobierno de Estados Unidos) y para pedirle el nombre del pueblo de M\u00e9xico que nos ayuden vendi\u00e9ndonos 10 mil ventiladores, y 10 mil monitores. Le dije que sabemos de la situaci\u00f3n tan dif\u00edcil que ellos est\u00e1n atravesando, la falta de ventiladores en general, de monitores, pero tambi\u00e9n\u00a0<strong>le expres\u00e9 que ellos tienen m\u00e1s posibilidades<\/strong>, tienen m\u00e1s plantas, tienen m\u00e1s desarrollo tecnol\u00f3gico, y tienen m\u00e1s recursos econ\u00f3micos\u00bb, dijo.<\/p>\n\n\n\n<p><strong>Fuente:<\/strong> SIPSE<\/p>\n","protected":false},"excerpt":{"rendered":"<p>Ciudad de M\u00e9xico.- El presidente Andr\u00e9s Manuel L\u00f3pez Obrador inform\u00f3 que este viernes el mandatario de Estados Unidos, Donald Trump lo llam\u00f3 para garantizarle que, tras la solicitud hecha, a finales de este mes&nbsp;M\u00e9xico tendr\u00e1 mil ventiladores para canalizarlos a la contingencia del Covid-19. AMLO anunci\u00f3 que para agradecerle personalmente este gesto de ayuda y [&hellip;]<\/p>\n","protected":false},"author":2,"featured_media":78504,"comment_status":"open","ping_status":"open","sticky":false,"template":"","format":"standard","meta":{"footnotes":""},"categories":[8],"tags":[],"class_list":["post-78503","post","type-post","status-publish","format-standard","has-post-thumbnail","hentry","category-internacionales"],"_links":{"self":[{"href":"http:\/\/elcuartopoder.com.mx\/nw\/wp-json\/wp\/v2\/posts\/78503","targetHints":{"allow":["GET"]}}],"collection":[{"href":"http:\/\/elcuartopoder.com.mx\/nw\/wp-json\/wp\/v2\/posts"}],"about":[{"href":"http:\/\/elcuartopoder.com.mx\/nw\/wp-json\/wp\/v2\/types\/post"}],"author":[{"embeddable":true,"href":"http:\/\/elcuartopoder.com.mx\/nw\/wp-json\/wp\/v2\/users\/2"}],"replies":[{"embeddable":true,"href":"http:\/\/elcuartopoder.com.mx\/nw\/wp-json\/wp\/v2\/comments?post=78503"}],"version-history":[{"count":1,"href":"http:\/\/elcuartopoder.com.mx\/nw\/wp-json\/wp\/v2\/posts\/78503\/revisions"}],"predecessor-version":[{"id":78505,"href":"http:\/\/elcuartopoder.com.mx\/nw\/wp-json\/wp\/v2\/posts\/78503\/revisions\/78505"}],"wp:featuredmedia":[{"embeddable":true,"href":"http:\/\/elcuartopoder.com.mx\/nw\/wp-json\/wp\/v2\/media\/78504"}],"wp:attachment":[{"href":"http:\/\/elcuartopoder.com.mx\/nw\/wp-json\/wp\/v2\/media?parent=78503"}],"wp:term":[{"taxonomy":"category","embeddable":true,"href":"http:\/\/elcuartopoder.com.mx\/nw\/wp-json\/wp\/v2\/categories?post=78503"},{"taxonomy":"post_tag","embeddable":true,"href":"http:\/\/elcuartopoder.com.mx\/nw\/wp-json\/wp\/v2\/tags?post=78503"}],"curies":[{"name":"wp","href":"https:\/\/api.w.org\/{rel}","templated":true}]}}