{"id":78718,"date":"2020-04-25T12:28:13","date_gmt":"2020-04-25T17:28:13","guid":{"rendered":"http:\/\/elcuartopoder.com.mx\/nw\/?p=78718"},"modified":"2020-04-25T12:28:15","modified_gmt":"2020-04-25T17:28:15","slug":"quintana-roo-acumula-56-personas-intubadas-por-covid-19","status":"publish","type":"post","link":"http:\/\/elcuartopoder.com.mx\/nw\/destacadas\/quintana-roo-acumula-56-personas-intubadas-por-covid-19\/","title":{"rendered":"QUINTANA ROO ACUMULA 56 PERSONAS INTUBADAS POR COVID-19"},"content":{"rendered":"\n<p class=\"wp-block-paragraph\">En Quintana Roo al menos 56 personas han sido intubadas a causa de complicaciones por el coronavirus COVID-19, de acuerdo con cifras de la Secretar\u00eda de Salud federal.<\/p>\n\n\n\n<p class=\"wp-block-paragraph\">El registro de datos abiertos que publica diariamente la dependencia se\u00f1ala que mil 168 personas han sido atendidas en hospitales del estado por esta enfermedad, de las cuales 472 han sido hospitalizadas.<\/p>\n\n\n\n<p class=\"wp-block-paragraph\">Al corte de este viernes la Secretar\u00eda de Salud de Quintana Roo inform\u00f3 que suman ya 511 casos confirmados; sin embargo, los datos de la dependencia federal indican que son 519.<\/p>\n\n\n\n<p class=\"wp-block-paragraph\">Las personas intubadas en el estado tienen un promedio de edad de 47 a\u00f1os y la mayor\u00eda de casos son personas provenientes de Benito Ju\u00e1rez (Canc\u00fan) y Solidaridad (Playa del Carmen).<\/p>\n\n\n\n<p class=\"wp-block-paragraph\">Los datos abiertos de la Secretar\u00eda de Salud, disponibles para consulta de toda la ciudadan\u00eda, se\u00f1alan que las personas intubadas son residentes de cinco municipios de Quintana Roo: dos de Felipe Carrillo Puerto, siete de Cozumel, ocho de Oth\u00f3n P. Blanco, 11 de Solidaridad y 31 de Benito Ju\u00e1rez.<\/p>\n\n\n\n<p class=\"wp-block-paragraph\">De los 56 casos de pacientes intubados algunos de ellos presentaban hasta dos o m\u00e1s factores vulnerables: 19 hipertensi\u00f3n, 16 diabetes, 11 obesidad, cinco antecedentes cardiovasculares, dos tabaquismo, dos Enfermedad Pulmonar Obstructiva Cr\u00f3nica (EPOC), dos tabaquismo y uno asma.<\/p>\n\n\n\n<p class=\"wp-block-paragraph\">Los hombres son las v\u00edctimas m\u00e1s afectadas por el COVID-19. De los mil 168 pacientes que acudieron por atenci\u00f3n m\u00e9dica 660 son hombres y de los 56 intubados, 34.<\/p>\n\n\n\n<p class=\"wp-block-paragraph\">De acuerdo con el informe t\u00e9cnico diario que da a conocer el subsecretario de Salud Hugo L\u00f3pez-Gatell, Quintana Roo se encuentra en el tercer lugar de tasa de incidencia de casos activos, s\u00f3lo despu\u00e9s de la Ciudad de M\u00e9xico y de Baja California.<\/p>\n\n\n\n<p class=\"wp-block-paragraph\">La cifra de defunciones coincide en las dependencias local y federal con 71 v\u00edctimas.<\/p>\n\n\n\n<p class=\"wp-block-paragraph\"><strong>Fuente:<\/strong> POR ESTO!<\/p>\n","protected":false},"excerpt":{"rendered":"<p>En Quintana Roo al menos 56 personas han sido intubadas a causa de complicaciones por el coronavirus COVID-19, de acuerdo con cifras de la Secretar\u00eda de Salud federal. El registro de datos abiertos que publica diariamente la dependencia se\u00f1ala que mil 168 personas han sido atendidas en hospitales del estado por esta enfermedad, de las [&hellip;]<\/p>\n","protected":false},"author":2,"featured_media":78719,"comment_status":"open","ping_status":"open","sticky":false,"template":"","format":"standard","meta":{"footnotes":""},"categories":[59],"tags":[],"class_list":["post-78718","post","type-post","status-publish","format-standard","has-post-thumbnail","hentry","category-destacadas"],"_links":{"self":[{"href":"http:\/\/elcuartopoder.com.mx\/nw\/wp-json\/wp\/v2\/posts\/78718","targetHints":{"allow":["GET"]}}],"collection":[{"href":"http:\/\/elcuartopoder.com.mx\/nw\/wp-json\/wp\/v2\/posts"}],"about":[{"href":"http:\/\/elcuartopoder.com.mx\/nw\/wp-json\/wp\/v2\/types\/post"}],"author":[{"embeddable":true,"href":"http:\/\/elcuartopoder.com.mx\/nw\/wp-json\/wp\/v2\/users\/2"}],"replies":[{"embeddable":true,"href":"http:\/\/elcuartopoder.com.mx\/nw\/wp-json\/wp\/v2\/comments?post=78718"}],"version-history":[{"count":1,"href":"http:\/\/elcuartopoder.com.mx\/nw\/wp-json\/wp\/v2\/posts\/78718\/revisions"}],"predecessor-version":[{"id":78720,"href":"http:\/\/elcuartopoder.com.mx\/nw\/wp-json\/wp\/v2\/posts\/78718\/revisions\/78720"}],"wp:featuredmedia":[{"embeddable":true,"href":"http:\/\/elcuartopoder.com.mx\/nw\/wp-json\/wp\/v2\/media\/78719"}],"wp:attachment":[{"href":"http:\/\/elcuartopoder.com.mx\/nw\/wp-json\/wp\/v2\/media?parent=78718"}],"wp:term":[{"taxonomy":"category","embeddable":true,"href":"http:\/\/elcuartopoder.com.mx\/nw\/wp-json\/wp\/v2\/categories?post=78718"},{"taxonomy":"post_tag","embeddable":true,"href":"http:\/\/elcuartopoder.com.mx\/nw\/wp-json\/wp\/v2\/tags?post=78718"}],"curies":[{"name":"wp","href":"https:\/\/api.w.org\/{rel}","templated":true}]}}