{"id":78725,"date":"2020-04-25T19:12:16","date_gmt":"2020-04-26T00:12:16","guid":{"rendered":"http:\/\/elcuartopoder.com.mx\/nw\/?p=78725"},"modified":"2020-04-25T19:12:19","modified_gmt":"2020-04-26T00:12:19","slug":"murio-con-el-tiro-de-gracia","status":"publish","type":"post","link":"http:\/\/elcuartopoder.com.mx\/nw\/policiacas\/murio-con-el-tiro-de-gracia\/","title":{"rendered":"Muri\u00f3 con el tiro de gracia"},"content":{"rendered":"\n<p class=\"wp-block-paragraph\">Fue identificado el cad\u00e1ver que fue encontrado en los canales de siembra de los ca\u00f1averales cercanos a la comunidad Ucum, en vida respond\u00eda al nombre de Javier C. M., de 26 a\u00f1os de edad.<\/p>\n\n\n\n<p class=\"wp-block-paragraph\">Despu\u00e9s de realizarse los ex\u00e1menes correspondientes, los m\u00e9dicos del Semefo pudieron determinar que el sujeto presentaba el tiro de gracia en la cabeza, por lo que cobra m\u00e1s fuerza la teor\u00eda de que pudo haber sido v\u00edctima de un levant\u00f3n y despu\u00e9s fue ejecutado.<\/p>\n\n\n\n<p class=\"wp-block-paragraph\">Familiares de la v\u00edctima se\u00f1alan que esta persona estaba desaparecida desde el d\u00eda s\u00e1bado 18 de abril, cuando sali\u00f3 en la noche y ya no se supo nada m\u00e1s de \u00e9l.<br>Las autoridades pertinentes contin\u00faan con la investigaci\u00f3n del m\u00f3vil de este tr\u00e1gico hecho, mientras que la familia espera el pronto accionar de las autoridades.<\/p>\n\n\n\n<p class=\"wp-block-paragraph\">Como se supo, el cad\u00e1ver fue localizado en un ca\u00f1averal cercano a la comunidad Ucum, el macabro hallazgo fue hecho por un campesino, el cual hab\u00eda quemado sus canales de siembra de su parcela, pero cuando revis\u00f3 su trabajo se encontr\u00f3 con el cuerpo.<\/p>\n\n\n\n<p class=\"wp-block-paragraph\">Al lugar acudieron elementos de las polic\u00edas Rural de Quintana Roo, Ministerial y personal del Servici\u00f3 M\u00e9dico Forense; \u00e9stos \u00faltimos trasladaron el cuerpo a sus instalaciones, donde le realizaron los ex\u00e1menes de rigor para identificar el cad\u00e1ver y poder saber cu\u00e1l fue la causa de muerte.<\/p>\n\n\n\n<p class=\"wp-block-paragraph\">El cuerpo fue encontrado alrededor de las 19:30 horas, en un rancho que se encuentra cercano a la comunidad Ucum, aproximadamente a dos kil\u00f3metros del vivero de esta comunidad, el jornalero de esa comunidad hab\u00eda quemado los canales de siembra para la ca\u00f1a, por lo que se dispon\u00eda a revisarlos, cuando se top\u00f3 un cuerpo ya sin vida. <\/p>\n\n\n\n<p class=\"wp-block-paragraph\"><strong>Fuente:<\/strong>&nbsp;POR ESTO!<br><\/p>\n","protected":false},"excerpt":{"rendered":"<p>Fue identificado el cad\u00e1ver que fue encontrado en los canales de siembra de los ca\u00f1averales cercanos a la comunidad Ucum, en vida respond\u00eda al nombre de Javier C. M., de 26 a\u00f1os de edad. Despu\u00e9s de realizarse los ex\u00e1menes correspondientes, los m\u00e9dicos del Semefo pudieron determinar que el sujeto presentaba el tiro de gracia en [&hellip;]<\/p>\n","protected":false},"author":2,"featured_media":78726,"comment_status":"open","ping_status":"open","sticky":false,"template":"","format":"standard","meta":{"footnotes":""},"categories":[23],"tags":[],"class_list":["post-78725","post","type-post","status-publish","format-standard","has-post-thumbnail","hentry","category-policiacas"],"_links":{"self":[{"href":"http:\/\/elcuartopoder.com.mx\/nw\/wp-json\/wp\/v2\/posts\/78725","targetHints":{"allow":["GET"]}}],"collection":[{"href":"http:\/\/elcuartopoder.com.mx\/nw\/wp-json\/wp\/v2\/posts"}],"about":[{"href":"http:\/\/elcuartopoder.com.mx\/nw\/wp-json\/wp\/v2\/types\/post"}],"author":[{"embeddable":true,"href":"http:\/\/elcuartopoder.com.mx\/nw\/wp-json\/wp\/v2\/users\/2"}],"replies":[{"embeddable":true,"href":"http:\/\/elcuartopoder.com.mx\/nw\/wp-json\/wp\/v2\/comments?post=78725"}],"version-history":[{"count":1,"href":"http:\/\/elcuartopoder.com.mx\/nw\/wp-json\/wp\/v2\/posts\/78725\/revisions"}],"predecessor-version":[{"id":78727,"href":"http:\/\/elcuartopoder.com.mx\/nw\/wp-json\/wp\/v2\/posts\/78725\/revisions\/78727"}],"wp:featuredmedia":[{"embeddable":true,"href":"http:\/\/elcuartopoder.com.mx\/nw\/wp-json\/wp\/v2\/media\/78726"}],"wp:attachment":[{"href":"http:\/\/elcuartopoder.com.mx\/nw\/wp-json\/wp\/v2\/media?parent=78725"}],"wp:term":[{"taxonomy":"category","embeddable":true,"href":"http:\/\/elcuartopoder.com.mx\/nw\/wp-json\/wp\/v2\/categories?post=78725"},{"taxonomy":"post_tag","embeddable":true,"href":"http:\/\/elcuartopoder.com.mx\/nw\/wp-json\/wp\/v2\/tags?post=78725"}],"curies":[{"name":"wp","href":"https:\/\/api.w.org\/{rel}","templated":true}]}}