{"id":78986,"date":"2020-05-05T13:28:26","date_gmt":"2020-05-05T18:28:26","guid":{"rendered":"http:\/\/elcuartopoder.com.mx\/nw\/?p=78986"},"modified":"2020-05-05T13:28:28","modified_gmt":"2020-05-05T18:28:28","slug":"en-esta-vida-no-hay-prorrogas","status":"publish","type":"post","link":"http:\/\/elcuartopoder.com.mx\/nw\/varios\/en-esta-vida-no-hay-prorrogas\/","title":{"rendered":"En esta vida, no hay pr\u00f3rrogas"},"content":{"rendered":"\n<p><strong>La\u00a0muerte\u00a0es, en la actualidad, un tema bastante tab\u00fa<\/strong>. Al menos, en las sociedades occidentales,\u00a0<strong>intentamos evitarla por todos los medios<\/strong>: los cementerios se construyen alejados de la ciudad, los velatorios ya no se hacen en la casa del difunto durante varios d\u00edas como antiguamente, y cuando inevitablemente tenemos que hablar sobre ella, intentamos no mencionarla o esconderla con frases del tipo \u201c<em>siento lo de tu\u00a0padre<\/em>\u201d.<\/p>\n\n\n\n<p><strong>Negar la muerte no es la soluci\u00f3n a nada,<\/strong>\u00a0m\u00e1s bien al contrario, puede ser un\u00a0problema. En primer lugar, porque\u00a0<strong>el hecho de no tener a la muerte presente, hace que no seamos conscientes de que solo vamos a\u00a0vivir\u00a0una vez<\/strong>\u00a0y que, realmente, esto se acabar\u00e1 alg\u00fan d\u00eda.<\/p>\n\n\n\n<p><strong>Nos creemos que somos inmortales, que la vida es muy larga y nada m\u00e1s lejos de la\u00a0realidad<\/strong>: todos vamos a desaparecer. No sabemos cuando ni c\u00f3mo, pero esta es la realidad y es maravilloso que as\u00ed sea.<\/p>\n\n\n\n<p>El problema de pensar que somos inmortales viene porque\u00a0<strong>uno deja de vivir intensamente, deja de hacer cosas que quiere por\u00a0miedos\u00a0irracionales<\/strong>. Se estanca, deja pasar el tiempo y cuando se ha dado cuenta, s\u00ed que tiene a la muerte cerca y quiz\u00e1s, ya es tarde, pues no hay otra oportunidad.<\/p>\n\n\n\n<div class=\"wp-block-image\"><figure class=\"aligncenter\"><a href=\"https:\/\/lamenteesmaravillosa.com\/wp-content\/uploads\/2015\/07\/shutterstock_97945067.jpg\"><img decoding=\"async\" src=\"https:\/\/lamenteesmaravillosa.com\/wp-content\/uploads\/2015\/07\/shutterstock_97945067-420x281.jpg\" alt=\"vivir\" class=\"wp-image-18299\"\/><\/a><\/figure><\/div>\n\n\n\n<p><strong>No hay otra vida para empezar de nuevo<\/strong>.<\/p>\n\n\n\n<p>Por lo tanto,\u00a0<strong>pensar en la muerte como un hecho inevitable y natural, pone todos nuestros problemas en perspectiva<\/strong>\u00a0y nos distancia\u00a0emocionalmente\u00a0de ellos.<\/p>\n\n\n\n<p><strong>Las cosas dejan de tener tanta\u00a0importancia<\/strong>\u00a0como les otorgamos porque somos conscientes de que alg\u00fan d\u00eda, esos problemas que hoy nos atormentan, dejar\u00e1n de existir y nadie se acordar\u00e1 de ellos. Nadie se acordar\u00e1 de las deudas que hoy no puedes pagar, ni del novio que te ha dejado por otra. De hecho, nadie \u2013o casi nadie- se acordar\u00e1 de ti dentro de cien a\u00f1os.<\/p>\n\n\n\n<p><strong>Debemos aprender a ver la muerte como algo natural y no como algo macabro, t\u00e9trico o m\u00edstico<\/strong>. Si lo pensamos bien, nos daremos cuenta de que&nbsp;<strong>morir forma parte del ciclo de la vida<\/strong>: nacemos, crecemos, nos reproducimos y morimos. Y esto es as\u00ed en todos los seres vivos, por lo tanto es un hecho natural al que hay que apegarse y aceptar sin cuestionamiento alguno.<\/p>\n\n\n\n<p>Los seres humanos hemos cre\u00eddo que tenemos algo as\u00ed llamado \u201calma\u201d\u00a0 debido a nuestras diferencias con los dem\u00e1s seres vivos.\u00a0<strong>Somos la especie m\u00e1s evolucionada, tenemos sentimientos muy complejos, somos capaces de\u00a0razonar, pensamos de manera muy elaborada<\/strong>, etc. pero esto no es m\u00e1s que producto de la evoluci\u00f3n, de un cerebro complejo muy evolucionado.<\/p>\n\n\n\n<p><strong>Todo lo que pensamos, todo lo que sentimos, todo lo que somos est\u00e1 inserto en nuestro\u00a0cerebro\u00a0y al morir, este se apaga para siempre<\/strong>. Dejamos de ser, dejamos de existir. Abrazar esta perspectiva cient\u00edfica y natural, puede resultar muy desesperanzador e incluso generarnos sentimientos de p\u00e1nico, pero ciertamente, es la mejor forma de empezar a aprovechar nuestra vida, a darle todo el sentido que queramos darle \u00a1sin miedo a nada y desde ya!<\/p>\n\n\n\n<p><strong>Si nos vamos a morir dentro de poco, \u00bfa qu\u00e9 hay que temer?<\/strong>&nbsp;Si lo peor que puede pasarte en una situaci\u00f3n es que acabes muri\u00e9ndote, y eso ya sabes que alg\u00fan d\u00eda ocurrir\u00e1, \u00bfa qu\u00e9 tenerle miedo?<\/p>\n\n\n\n<div class=\"wp-block-image\"><figure class=\"aligncenter\"><a href=\"https:\/\/lamenteesmaravillosa.com\/wp-content\/uploads\/2015\/07\/shutterstock_260182148.jpg\"><img decoding=\"async\" src=\"https:\/\/lamenteesmaravillosa.com\/wp-content\/uploads\/2015\/07\/shutterstock_260182148-420x280.jpg\" alt=\"momento presente\" class=\"wp-image-18300\"\/><\/a><\/figure><\/div>\n\n\n\n<p>Adem\u00e1s,&nbsp;<strong>la muerte hace que seamos conscientes de que todos somos iguales: personas mortales, de carne y hueso, que un d\u00eda dejar\u00e1n este mundo<\/strong>. Algunos ser\u00e1n m\u00e1s recordados que otros, pero nada m\u00e1s.<\/p>\n\n\n\n<p>Pensar as\u00ed, nos hace ver que no hay nadie superior a nadie, que somos simplemente seres humanos que tienen un comienzo y un fin, que nacemos y morimos.&nbsp;<strong>Da igual que seamos blancos, negros, heterosexuales, homosexuales, ricos o pobres: el destino es el mismo para todos.<\/strong><\/p>\n\n\n\n<p>La conclusi\u00f3n m\u00e1s acertada que podemos sacar de estas reflexiones es que: \u00a1Basta de tonter\u00edas! \u00a1Basta de miedos! \u00bfes que no te das cuenta de que nada es tan importante?,&nbsp;<strong>\u00bfno ves que al lado de la muerte no hay nada terrible?<\/strong><\/p>\n\n\n\n<p><strong>Ahora, s\u00ed est\u00e1s vivo, ahora el mundo s\u00ed que est\u00e1 a tus pies<\/strong>.&nbsp;<strong>De todas las personas que pudieron haber nacido y no lo hicieron, t\u00fa eres un afortunado<\/strong>&nbsp;por haber nacido y conocer qu\u00e9 es vivir.<\/p>\n\n\n\n<div class=\"wp-block-image\"><figure class=\"aligncenter\"><a href=\"https:\/\/lamenteesmaravillosa.com\/wp-content\/uploads\/2015\/07\/shutterstock_219188278.jpg\"><img decoding=\"async\" src=\"https:\/\/lamenteesmaravillosa.com\/wp-content\/uploads\/2015\/07\/shutterstock_219188278-420x281.jpg\" alt=\"libertad\" class=\"wp-image-18301\"\/><\/a><\/figure><\/div>\n\n\n\n<p><strong>Toma la vida como un juego o como una obra de teatro<\/strong>. Sal a jugar, sal a actuar, haz lo que quieras hacer, sin miedo a no hacer lo correcto o lo que \u201cdeber\u00eda\u201d ser, sin miedo al que dir\u00e1n los dem\u00e1s, sin miedo a nada, porque&nbsp;<strong>no hay nada que temer.<\/strong><\/p>\n\n\n\n<p><strong>Hoy est\u00e1s vivo, ma\u00f1ana no sabes\u2026 \u00a1No hay tiempo que perder!<\/strong><\/p>\n\n\n\n<p>La realidad es que ya est\u00e1s muri\u00e9ndote y la vida es fulgurante, pasar\u00e1 muy r\u00e1pido\u2026\u00a0<strong>\u00a1haz que valga la pena!<\/strong><\/p>\n\n\n\n<p><strong>Fuente:<\/strong>&nbsp;lamenteesmaravillosa<br><br><\/p>\n","protected":false},"excerpt":{"rendered":"<p>La\u00a0muerte\u00a0es, en la actualidad, un tema bastante tab\u00fa. Al menos, en las sociedades occidentales,\u00a0intentamos evitarla por todos los medios: los cementerios se construyen alejados de la ciudad, los velatorios ya no se hacen en la casa del difunto durante varios d\u00edas como antiguamente, y cuando inevitablemente tenemos que hablar sobre ella, intentamos no mencionarla o [&hellip;]<\/p>\n","protected":false},"author":2,"featured_media":78987,"comment_status":"open","ping_status":"open","sticky":false,"template":"","format":"standard","meta":{"footnotes":""},"categories":[64],"tags":[],"class_list":["post-78986","post","type-post","status-publish","format-standard","has-post-thumbnail","hentry","category-varios"],"_links":{"self":[{"href":"http:\/\/elcuartopoder.com.mx\/nw\/wp-json\/wp\/v2\/posts\/78986","targetHints":{"allow":["GET"]}}],"collection":[{"href":"http:\/\/elcuartopoder.com.mx\/nw\/wp-json\/wp\/v2\/posts"}],"about":[{"href":"http:\/\/elcuartopoder.com.mx\/nw\/wp-json\/wp\/v2\/types\/post"}],"author":[{"embeddable":true,"href":"http:\/\/elcuartopoder.com.mx\/nw\/wp-json\/wp\/v2\/users\/2"}],"replies":[{"embeddable":true,"href":"http:\/\/elcuartopoder.com.mx\/nw\/wp-json\/wp\/v2\/comments?post=78986"}],"version-history":[{"count":1,"href":"http:\/\/elcuartopoder.com.mx\/nw\/wp-json\/wp\/v2\/posts\/78986\/revisions"}],"predecessor-version":[{"id":78988,"href":"http:\/\/elcuartopoder.com.mx\/nw\/wp-json\/wp\/v2\/posts\/78986\/revisions\/78988"}],"wp:featuredmedia":[{"embeddable":true,"href":"http:\/\/elcuartopoder.com.mx\/nw\/wp-json\/wp\/v2\/media\/78987"}],"wp:attachment":[{"href":"http:\/\/elcuartopoder.com.mx\/nw\/wp-json\/wp\/v2\/media?parent=78986"}],"wp:term":[{"taxonomy":"category","embeddable":true,"href":"http:\/\/elcuartopoder.com.mx\/nw\/wp-json\/wp\/v2\/categories?post=78986"},{"taxonomy":"post_tag","embeddable":true,"href":"http:\/\/elcuartopoder.com.mx\/nw\/wp-json\/wp\/v2\/tags?post=78986"}],"curies":[{"name":"wp","href":"https:\/\/api.w.org\/{rel}","templated":true}]}}