{"id":78989,"date":"2020-05-05T13:37:56","date_gmt":"2020-05-05T18:37:56","guid":{"rendered":"http:\/\/elcuartopoder.com.mx\/nw\/?p=78989"},"modified":"2020-05-05T13:37:59","modified_gmt":"2020-05-05T18:37:59","slug":"implementan-operacion-baalam-en-q-roo-para-controlar-incendios","status":"publish","type":"post","link":"http:\/\/elcuartopoder.com.mx\/nw\/estatales\/implementan-operacion-baalam-en-q-roo-para-controlar-incendios\/","title":{"rendered":"Implementan operaci\u00f3n B\u00e1alam en Q. Roo para controlar incendios"},"content":{"rendered":"\n<p>La Comisi\u00f3n Nacional Forestal (Conafor) implement\u00f3 en Quintana Roo la Operaci\u00f3n B\u00e1alam para operar bajo el Sistema de Comando de Incidentes y&nbsp; hacer m\u00e1s eficiente los recursos disponibles para apagar los incendios en el menor tiempo posible.<\/p>\n\n\n\n<p>En la entidad hay 12 incendios activos, de los cuales 3 son considerados de atenci\u00f3n prioritaria por las afectaciones en la superficie, el tipo de vegetaci\u00f3n, las condiciones del tiempo atmosf\u00e9rico o afectaci\u00f3n indirecta a poblaciones cercanas.<\/p>\n\n\n\n<p>Para combatir el fuego en esas zonas participan 379 elementos, cuatro maquinarias\u00a0pesadas para realizar la apertura de las brechas cortafuego y dos helic\u00f3pteros, uno de la secretar\u00eda de Marina y otro de la Guardia Nacional.<\/p>\n\n\n\n<p>El incendio de Ichkabal, cercano a la zona arqueol\u00f3gica, en el municipio de Bacalar, es el que cuenta con mayor n\u00famero de recursos asignados: 114 elementos, dos equipos a\u00e9reos (MI-17) de la Secretar\u00eda de Marina y tres maquinarias pesada para la apertura de brechas cortafuegos.<\/p>\n\n\n\n<p>Otro incendio importante es La Charra en el municipio de Oth\u00f3n P. Blanco, el cual tiene una superficie de afectaci\u00f3n de dos mil hect\u00e1reas y cuenta con un 50 por ciento de control y un 35 por ciento de liquidaci\u00f3n y la asignaci\u00f3n de 16 combatientes.<\/p>\n\n\n\n<p>El incendio de Santa Elena en el municipio de Oth\u00f3n P. Blanco, el cual tiene una superficie de afectaci\u00f3n de 220 hect\u00e1reas, un 15 por ciento de control, 5 por ciento de liquidaci\u00f3n y la asignaci\u00f3n de 35 combatientes.<\/p>\n\n\n\n<p>Desde el pasado 29 de abril, se han movilizado brigadas de Durango, Jalisco y t\u00e9cnicos de diversos estados para apoyar el combate y control de los incendios en el estado.<\/p>\n\n\n\n<p><strong>Fuente:<\/strong> POR ESTO!<\/p>\n","protected":false},"excerpt":{"rendered":"<p>La Comisi\u00f3n Nacional Forestal (Conafor) implement\u00f3 en Quintana Roo la Operaci\u00f3n B\u00e1alam para operar bajo el Sistema de Comando de Incidentes y&nbsp; hacer m\u00e1s eficiente los recursos disponibles para apagar los incendios en el menor tiempo posible. En la entidad hay 12 incendios activos, de los cuales 3 son considerados de atenci\u00f3n prioritaria por las [&hellip;]<\/p>\n","protected":false},"author":2,"featured_media":78990,"comment_status":"open","ping_status":"open","sticky":false,"template":"","format":"standard","meta":{"footnotes":""},"categories":[60],"tags":[],"class_list":["post-78989","post","type-post","status-publish","format-standard","has-post-thumbnail","hentry","category-estatales"],"_links":{"self":[{"href":"http:\/\/elcuartopoder.com.mx\/nw\/wp-json\/wp\/v2\/posts\/78989","targetHints":{"allow":["GET"]}}],"collection":[{"href":"http:\/\/elcuartopoder.com.mx\/nw\/wp-json\/wp\/v2\/posts"}],"about":[{"href":"http:\/\/elcuartopoder.com.mx\/nw\/wp-json\/wp\/v2\/types\/post"}],"author":[{"embeddable":true,"href":"http:\/\/elcuartopoder.com.mx\/nw\/wp-json\/wp\/v2\/users\/2"}],"replies":[{"embeddable":true,"href":"http:\/\/elcuartopoder.com.mx\/nw\/wp-json\/wp\/v2\/comments?post=78989"}],"version-history":[{"count":1,"href":"http:\/\/elcuartopoder.com.mx\/nw\/wp-json\/wp\/v2\/posts\/78989\/revisions"}],"predecessor-version":[{"id":78991,"href":"http:\/\/elcuartopoder.com.mx\/nw\/wp-json\/wp\/v2\/posts\/78989\/revisions\/78991"}],"wp:featuredmedia":[{"embeddable":true,"href":"http:\/\/elcuartopoder.com.mx\/nw\/wp-json\/wp\/v2\/media\/78990"}],"wp:attachment":[{"href":"http:\/\/elcuartopoder.com.mx\/nw\/wp-json\/wp\/v2\/media?parent=78989"}],"wp:term":[{"taxonomy":"category","embeddable":true,"href":"http:\/\/elcuartopoder.com.mx\/nw\/wp-json\/wp\/v2\/categories?post=78989"},{"taxonomy":"post_tag","embeddable":true,"href":"http:\/\/elcuartopoder.com.mx\/nw\/wp-json\/wp\/v2\/tags?post=78989"}],"curies":[{"name":"wp","href":"https:\/\/api.w.org\/{rel}","templated":true}]}}