{"id":79000,"date":"2020-05-06T11:04:25","date_gmt":"2020-05-06T16:04:25","guid":{"rendered":"http:\/\/elcuartopoder.com.mx\/nw\/?p=79000"},"modified":"2020-05-06T11:06:42","modified_gmt":"2020-05-06T16:06:42","slug":"la-crisis-del-coronavirus-destapa-la-vulnerabilidad-de-miles-de-desempleados-en-mexico","status":"publish","type":"post","link":"http:\/\/elcuartopoder.com.mx\/nw\/nacionales\/la-crisis-del-coronavirus-destapa-la-vulnerabilidad-de-miles-de-desempleados-en-mexico\/","title":{"rendered":"La crisis del coronavirus destapa la vulnerabilidad de miles de desempleados en M\u00e9xico"},"content":{"rendered":"\n<p>En un mes, Mariela S\u00e1nchez Baca ha pasado de vender productos financieros a empacar desayunos a domicilio. El 19 de marzo, dos d\u00edas antes de su cumplea\u00f1os, esta licenciada en Comunicaci\u00f3n de 30 a\u00f1os lleg\u00f3 a la oficina de grandes ventanales en el barrio de Santa Fe, en Ciudad de M\u00e9xico. Arreglada y en tacones, como siempre. Le pidieron que subiera a Recursos Humanos. El coronavirus ya llenaba noticieros e intu\u00eda lo que le iban a decir: cerraban y ella se iba a la calle. Sin firmar documento alguno, le pusieron un sobre en la mesa: el finiquito de una quincena, algo menos de 10.000 pesos, unos 400 d\u00f3lares. \u201c\u00bfY ahora qu\u00e9 hago?\u201d, se pregunt\u00f3.<\/p>\n\n\n\n<p>El coronavirus ha expulsado a miles de personas de sus puestos de trabajo en M\u00e9xico, donde las redes de protecci\u00f3n son d\u00e9biles y de alcance limitado. Entre el 13 de marzo y el 6 de abril&nbsp;se perdieron 346.800 empleos formales, m\u00e1s que los creados en todo 2019. Varias instituciones, entre ellas el Centro de Estudios Espinosa Yglesias (CEEY) y el banco BBVA, proyectan que entre un mill\u00f3n y un mill\u00f3n y medio de personas se quede sin trabajo este a\u00f1o y que la tasa de desempleo suba hasta el 6%. M\u00e1s pesimista, el subgobernador del Banco de M\u00e9xico, el economista Jonathan Heath,&nbsp;prev\u00e9 un incremento superior&nbsp;al de los peores meses de las dos crisis anteriores. \u201cEstamos con el peligro de que pudiera superar el pico de 7,9% del 2009 o incluso sobrepasar el pico de 10,7% que tuvimos en la crisis de 1995\u201d, dijo esta semana.<\/p>\n\n\n\n<p>Parece poco, pero es un incremento sustancial para la&nbsp;econom\u00eda mexicana, con tasas de desempleo hist\u00f3ricamente bajas. En mayo de 2009, en lo m\u00e1s duro de la Gran Recesi\u00f3n, el PIB mexicano cay\u00f3 un 9% respecto al mismo periodo del a\u00f1o anterior, pero el paro solo creci\u00f3 dos puntos porcentuales, seg\u00fan un an\u00e1lisis del BBVA. En contraste, la econom\u00eda de EE UU se contrajo un 2,5% y el desempleo roz\u00f3 el 10%. Esto se explica, en parte, por el trasvase de trabajadores al sector informal. Emplea a m\u00e1s de la mitad de los trabajadores mexicanos y es el colch\u00f3n de siempre en tiempos de crisis.<\/p>\n\n\n\n<p>All\u00ed cay\u00f3 S\u00e1nchez Baca. Cuando la despidieron, apenas llevaba un mes en la empresa y todav\u00eda no hab\u00eda formalizado el contrato. No pudo optar a los tres meses de indemnizaci\u00f3n por despido injustificado que marca la ley. \u201cNo ten\u00eda nada. Estaba desesperada porque necesitaba pagar la renta\u201d, explica. Invirti\u00f3 el finiquito que recibi\u00f3 en una licuadora y nuevas sartenes donde tostar sandwiches de jam\u00f3n y queso. Son el plato estrella de Melocot\u00f3n Catering, un servicio de desayunos a domicilio. Su cocina de ocho metros cuadrados y paredes de baldosas con motivos florales es ahora la oficina. Los fogones de gas tienen un par de d\u00e9cadas y el frigor\u00edfico, de tama\u00f1o mediano, est\u00e1 a rebosar de la compra semanal. Cuando S\u00e1nchez Baca lo abre, huele a verdura y fruta fresca, su baza para pagar las facturas a partir de ahora.<\/p>\n\n\n\n<p>Pese al comod\u00edn de la informalidad, la economista Nora Lustig, catedr\u00e1tica de la Universidad de Tulane, cree que esta crisis va a ser peor que las anteriores. \u201cA diferencia de otros pa\u00edses, en M\u00e9xico nunca crece mucho el desempleo porque la gente sigue trabajando de lo que sea. Ahora ser\u00e1 diferente por las medidas de contenci\u00f3n. Vas a tener un sector de la poblaci\u00f3n cuyo ingreso se va a caer a cero o cercano a cero porque no puede trabajar\u201d. El golpe se extiende a la clase media, dado el peso de los salarios en las cuentas familiares. Seg\u00fan el CEEY, este representa hasta el 81% de los ingresos para la poblaci\u00f3n por encima de la l\u00ednea del bienestar.<\/p>\n\n\n\n<p>Echar mano de los ahorros es una opci\u00f3n solo para una minor\u00eda. La Comisi\u00f3n Nacional de Ahorro para el Retiro (Consar) indica que hasta marzo se hab\u00edan retirado 1.024 millones de pesos por concepto de desempleo, unos 42 millones de d\u00f3lares. Se trata del monto m\u00e1s elevado desde 1997, con un aumento de casi el 12% respecto al mismo periodo de 2019. Pero contar con esa bolsa es un lujo, afirma el economista Rodolfo de la Torre, del CEEY. \u201cEl ahorro es relativamente bajo y adem\u00e1s est\u00e1 muy desigualmente distribuido. Lo realiza el 25% de poblaci\u00f3n con mayores ingresos, otro 25% no ahorra pero puede tener acceso a cr\u00e9dito, y casi la mitad ni ahorra ni tiene acceso a cr\u00e9dito para enfrentar la crisis\u201d.<\/p>\n\n\n\n<p>M\u00e9xico carece de otro importante asidero: el seguro de desempleo. El pa\u00eds es una excepci\u00f3n entre las grandes econom\u00edas latinoamericanas. Brasil, el motor del subcontinente, cuenta con uno desde 1985 y Argentina, con un PIB casi tres veces menor que el mexicano, desde 1991. Seg\u00fan De la Torre, se trata de \u201cuna decisi\u00f3n pol\u00edtica\u201d. \u201cEn el sistema actual los que ya tienen empleo en el formal pueden recurrir a las liquidaciones que son bastante sustanciosas. Si hay un seguro de desempleo y este es generalizado, probablemente ser\u00eda a costa de ese beneficio y los grandes sindicatos se pueden oponer\u201d, explica. Nora Lustig atribuye el rezago al peso de la econom\u00eda informal y a la necesidad de encontrar instrumentos adicionales. \u201cEn un pa\u00eds con tanta informalidad, no est\u00e1 claro c\u00f3mo se pondr\u00eda en marcha. Por eso, existen las transferencias monetarias para los trabajadores que no tienen acceso a los beneficios\u201d, afirma.<\/p>\n\n\n\n<p>Ana Laura L\u00f3pez forma parte del hueco que no entra en el sistema y cuya situaci\u00f3n la crisis ha agravado. Se qued\u00f3&nbsp;sin empleo a principios de abril&nbsp;y no tiene seguridad social. \u201cMe despidieron porque ya no necesitaban meseros, sino quien les entregara la comida a domicilio\u201d, cuenta esta mujer de 48 a\u00f1os. Con ayuda de su hijo, empez\u00f3 el tr\u00e1mite para acceder a las ayudas que ofrece la Ciudad de M\u00e9xico porque ya se agotaron los pocos ahorros que ten\u00eda. \u201cCualquier ayuda es buena, pero yo lo que necesito es trabajar\u201d, comenta. Hoy fabrica cubrebocas caseros que vende entre sus familiares y vecinos. Tan solo en la capital, por lo menos 40.000 negocios han bajado la persiana, de acuerdo con la C\u00e1mara de Comercio Servicios y Turismo en Peque\u00f1o de la Ciudad de M\u00e9xico. \u201cSon un mill\u00f3n de empleos los que est\u00e1n en riesgo si es que la contingencia se extiende m\u00e1s all\u00e1 de mayo\u201d, alerta su presidente, Eduardo Contreras.<\/p>\n\n\n\n<h2 class=\"wp-block-heading\">Ciudad de M\u00e9xico, una isla en materia laboral<\/h2>\n\n\n\n<p>A diferencia del resto del pa\u00eds, la capital s\u00ed tiene un seguro de desempleo desde hace varios a\u00f1os. Sin embargo, la crisis del coronavirus ha tensado al m\u00e1ximo sus costuras. Las autoridades han recibido m\u00e1s de 70.000 solicitudes en tan solo un mes, frente a un promedio de 2.500 mensuales. El sistema estaba pensado para atender 48.000 en todo el a\u00f1o, informa a este peri\u00f3dico la Secretar\u00eda de Trabajo de Ciudad de M\u00e9xico. Ante la avalancha, la capital ha anunciado un aumento de 100 millones de pesos a los 500 millones originales (4,2 millones de d\u00f3lares a los 21 ya previstos) y recortado la duraci\u00f3n del apoyo de seis a dos meses para poder llegar a m\u00e1s gente.<\/p>\n\n\n\n<p>La secretaria de Trabajo, Soledad Arag\u00f3n, reconoce las estrecheces: \u201cEstamos estirando el presupuesto por donde se puede. Esperamos una tasa de desempleo como nunca se ha visto\u201d. En paralelo al seguro, est\u00e1n intentando llegar al trabajador informal con un subsidio de 1.500 pesos durante dos meses, unos 62 d\u00f3lares. Ayuda, pero dif\u00edcilmente cuenta como sustituto de salario, al estar incluso por debajo de la l\u00ednea de pobreza extrema urbana (1.600 pesos equivalentes a una canasta alimentaria b\u00e1sica).<\/p>\n\n\n\n<p>A la escasez e insuficiencia de las prestaciones, se suman las pr\u00e1cticas abusivas de muchas empresas durante la pandemia. La secretaria de Trabajo apuesta por aumentar las inspecciones laborales y por conciliar entre los trabajadores y las empresas antes que llegar a juicio. \u201cPara que se resuelva de manera inmediata, porque un juicio laboral puede durar varios a\u00f1os\u201d, dice Arag\u00f3n. Desde el inicio de la contingencia, se han lanzado 50 inspecciones y 54 diligencias tras haber recibido denuncias de parte de trabajadores, pero est\u00e1n en proceso y ninguna ha desembocado en sanci\u00f3n todav\u00eda.<\/p>\n\n\n\n<p>Pese a las lagunas, la capital es la que m\u00e1s se acerca a las medidas de gasto p\u00fablico reclamadas por una mayor\u00eda de economistas y ONG, que ven una respuesta insuficiente de parte del Gobierno de Andr\u00e9s Manuel L\u00f3pez Obrador. Los programas federales se dirigen a sectores muy espec\u00edficos de la poblaci\u00f3n -como las personas mayores de 65 a\u00f1os- y dejan fuera a la gran mayor\u00eda de los adultos de las zonas urbanas, los principales afectados por el desempleo y el trabajo precario. Apenas 22 millones de los m\u00e1s de 52 millones de pobres est\u00e1n cubiertos por los programas sociales, seg\u00fan un an\u00e1lisis de Oxfam. La ONG apuesta por una combinaci\u00f3n de ayudas: un subsidio de tres meses a empresas para que mantengan la n\u00f3mina de los trabajadores formales y una renta b\u00e1sica para los informales. \u201cLa pol\u00edtica social ten\u00eda l\u00edmites antes de la crisis y son a\u00fan m\u00e1s evidente ahora\u201d, alerta su director Ricardo Fuentes.<\/p>\n\n\n\n<p><strong>Fuente:<\/strong> elpa\u00eds<\/p>\n","protected":false},"excerpt":{"rendered":"<p>En un mes, Mariela S\u00e1nchez Baca ha pasado de vender productos financieros a empacar desayunos a domicilio. El 19 de marzo, dos d\u00edas antes de su cumplea\u00f1os, esta licenciada en Comunicaci\u00f3n de 30 a\u00f1os lleg\u00f3 a la oficina de grandes ventanales en el barrio de Santa Fe, en Ciudad de M\u00e9xico. Arreglada y en tacones, [&hellip;]<\/p>\n","protected":false},"author":2,"featured_media":79001,"comment_status":"open","ping_status":"open","sticky":false,"template":"","format":"standard","meta":{"footnotes":""},"categories":[55],"tags":[],"class_list":["post-79000","post","type-post","status-publish","format-standard","has-post-thumbnail","hentry","category-nacionales"],"_links":{"self":[{"href":"http:\/\/elcuartopoder.com.mx\/nw\/wp-json\/wp\/v2\/posts\/79000","targetHints":{"allow":["GET"]}}],"collection":[{"href":"http:\/\/elcuartopoder.com.mx\/nw\/wp-json\/wp\/v2\/posts"}],"about":[{"href":"http:\/\/elcuartopoder.com.mx\/nw\/wp-json\/wp\/v2\/types\/post"}],"author":[{"embeddable":true,"href":"http:\/\/elcuartopoder.com.mx\/nw\/wp-json\/wp\/v2\/users\/2"}],"replies":[{"embeddable":true,"href":"http:\/\/elcuartopoder.com.mx\/nw\/wp-json\/wp\/v2\/comments?post=79000"}],"version-history":[{"count":2,"href":"http:\/\/elcuartopoder.com.mx\/nw\/wp-json\/wp\/v2\/posts\/79000\/revisions"}],"predecessor-version":[{"id":79003,"href":"http:\/\/elcuartopoder.com.mx\/nw\/wp-json\/wp\/v2\/posts\/79000\/revisions\/79003"}],"wp:featuredmedia":[{"embeddable":true,"href":"http:\/\/elcuartopoder.com.mx\/nw\/wp-json\/wp\/v2\/media\/79001"}],"wp:attachment":[{"href":"http:\/\/elcuartopoder.com.mx\/nw\/wp-json\/wp\/v2\/media?parent=79000"}],"wp:term":[{"taxonomy":"category","embeddable":true,"href":"http:\/\/elcuartopoder.com.mx\/nw\/wp-json\/wp\/v2\/categories?post=79000"},{"taxonomy":"post_tag","embeddable":true,"href":"http:\/\/elcuartopoder.com.mx\/nw\/wp-json\/wp\/v2\/tags?post=79000"}],"curies":[{"name":"wp","href":"https:\/\/api.w.org\/{rel}","templated":true}]}}