{"id":79007,"date":"2020-05-06T13:48:00","date_gmt":"2020-05-06T18:48:00","guid":{"rendered":"http:\/\/elcuartopoder.com.mx\/nw\/?p=79007"},"modified":"2020-05-06T13:48:05","modified_gmt":"2020-05-06T18:48:05","slug":"todo-lo-que-puedes-hacer-para-que-no-se-te-caiga-tanto-el-pelo","status":"publish","type":"post","link":"http:\/\/elcuartopoder.com.mx\/nw\/qtp\/todo-lo-que-puedes-hacer-para-que-no-se-te-caiga-tanto-el-pelo\/","title":{"rendered":"Todo lo que puedes hacer para que no se te caiga tanto el pelo"},"content":{"rendered":"\n<p>No es agradable la sensaci\u00f3n de pasar el peine por el\u00a0cabello\u00a0y que un\u00a0<strong>pu\u00f1ado de pelos<\/strong>\u00a0se quede enredado entre las p\u00faas, pero se trata de una situaci\u00f3n normal aunque nos preocupe. La\u00a0<strong>ca\u00edda del pelo<\/strong>\u00a0es un proceso natural puesto que en un d\u00eda se pueden llegar a caer en torno a los\u00a0<strong>100 pelos<\/strong>. Pese a que es algo habitual, existen ciertos casos en los que esta ca\u00edda puede que sea m\u00e1s exacerbada y nos est\u00e9 indicando que se trata de un problema.\u00a0<strong>Condiciones ambientales<\/strong>, gen\u00e9ticas,\u00a0estr\u00e9s, enfermedades o incluso\u00a0<strong>mala alimentaci\u00f3n\u00a0<\/strong>son los principales motivos de la ca\u00edda del pelo, y para frenar esa\u00a0<strong>p\u00e9rdida del cabello<\/strong>\u00a0primero hay que buscar la causa del problema.<\/p>\n\n\n\n<h3 class=\"wp-block-heading\">El estr\u00e9s produce alopecia<\/h3>\n\n\n\n<p>El estr\u00e9s puede venir derivado de m\u00faltiples causas, muchas de ellas dif\u00edciles de identificar, pero lo que s\u00ed se ha demostrado es que una de sus consecuencias es la&nbsp;<strong>p\u00e9rdida del cabello<\/strong>. Este tipo de&nbsp;<strong>alopecia&nbsp;<\/strong>suele tener unas caracter\u00edsticas particulares que le diferencian de la androg\u00e9nica o la areata. El doctor Javier Pedraz, director m\u00e9dico de la&nbsp;<strong>cl\u00ednica Insparya<\/strong>&nbsp;de Madrid la define como \u00abuna alopecia generalizada y m\u00e1s homog\u00e9nea que afecta al total del cuero cabelludo por igual\u00bb y, \u00aben el caso de sufrir alg\u00fan tipo de alopecia previa, puede sumar sus efectos a estas\u00bb. Adem\u00e1s, un rasgo identificativo de este tipo de alopecia generada por el estr\u00e9s es que \u00abla ca\u00edda se produce de forma muy repentina\u00bb aclara el Dr. Pedraz, \u00abproduci\u00e9ndose en apenas 1 \u00f3 2 semanas\u00bb.<\/p>\n\n\n\n<p>\u00abEl estr\u00e9s conocido como \u00abestr\u00e9s malo\u00bb afecta a nuestro cabello cuando nos agobiamos, cuando tenemos\u00a0ansiedad\u00a0o\u00a0depresi\u00f3n. El cuero cabelludo es muy sensible al estr\u00e9s, que genera toxinas (sustancias t\u00f3xicas) y, en consecuencia, los siguientes efectos: mayor ca\u00edda del pelo, pelo m\u00e1s graso, mayor picor e irritaci\u00f3n\u00bb, a\u00f1ade el Dr. Ram\u00f3n Vila-Rovira, fundador del Instituto Vila-Rovira de Madrid.<\/p>\n\n\n\n<h3 class=\"wp-block-heading\">\u00bfCu\u00e1nto tarda el pelo en nacer?<\/h3>\n\n\n\n<p>Seg\u00fan el Dr. Javier Pedraz, \u00abel estr\u00e9s provoca un aumento de la adrenalina, que se eleva en sangre y, si este aumento es mantenido en el tiempo, puede provocar un aumento del cortisol\u00bb. Esta hormona va a provocar la disminuci\u00f3n de la circulaci\u00f3n sangu\u00ednea y como consecuencia \u201cuna incorrecta absorci\u00f3n de nutrientes y agua por parte del&nbsp;<strong>cuero cabelludo y los fol\u00edculos pilosos<\/strong>\u00bb. Esto provocar\u00e1 que el cabello de debilite y como consecuencia \u00abtodos aquellos cabellos que se encuentren en proceso de crecimiento pasen repentinamente a ca\u00edda\u00bb.<\/p>\n\n\n\n<p>Esta respuesta se debe a que el cuerpo humano, ante situaciones de amenaza, busca proteger los \u00f3rganos esenciales para mantener la vida, de ah\u00ed que, en palabras del Dr. Pedraz, \u00ablas c\u00e9lulas encargadas de<strong>&nbsp;ofrecer nutrientes a nuestro cabello<\/strong>&nbsp;migren a otras zonas donde son necesitadas\u00bb.<\/p>\n\n\n\n<p>Al parecer, tal como advierte el experto, durante el tiempo que los fol\u00edculos se encuentran bajo esta tensi\u00f3n no van a volver a crecer, manteni\u00e9ndose estancados. Lo importante es superar ese estr\u00e9s, ya que \u00absi la situaci\u00f3n se prolonga demasiado en el tiempo, esta alopecia puede convertirse en irreversible\u00bb. No obstante, en un principio\u00a0<strong>este tipo de ca\u00edda es temporal<\/strong>, recuperando el cabello una vez pasa este periodo de estr\u00e9s, aunque hay que tener en cuenta que, seg\u00fan indica el Dr. Javier Pedraz; a pesar de que la ca\u00edda se produce de forma inmediata, la recuperaci\u00f3n del cabello es bastante m\u00e1s lenta, pudiendo tardar de\u00a0<strong>3 a 4 meses<\/strong>\u00bb.<\/p>\n\n\n\n<h3 class=\"wp-block-heading\">Cuando la ca\u00edda del pelo es un problema serio<\/h3>\n\n\n\n<p>Lo m\u00e1s normal es acudir a\u00a0<strong>champ\u00fas antica\u00edda<\/strong>, pero si no hay dietas \u00abmilagro\u00bb contra la ca\u00edda del pelo, tampoco hay champ\u00fas contra este problema. \u00abEl champ\u00fa no influye en la ca\u00edda del cabello y no tiene nada que ver. El cabello se divide entre el fol\u00edculo piloso de la ra\u00edz y la parte externa, y todos los\u00a0<strong>champ\u00fas\u00a0<\/strong>est\u00e1n dise\u00f1ados para tratar la parte externa del pelo, menos grasa\u00bb, dice el\u00a0Dr. Ram\u00f3n Vila-Rovira.<\/p>\n\n\n\n<p>En cambio, si tu pelo se cae m\u00e1s de la cantidad que nace, entonces lo m\u00e1s sensato, tal como recomienda el experto, ser\u00eda recurrir a tratamientos m\u00e9dicos, como el PRP (Plasma Rico en Plaquetas) y en caso m\u00e1s avanzados de ca\u00edda capilar, el trasplante de pelo con la t\u00e9cnica FUE (Follicular Unit Extraction = extracci\u00f3n \u00abpelo a pelo\u00bb o \u00abfol\u00edculo a fol\u00edculo\u00bb), explica.<\/p>\n\n\n\n<p><strong>Fuente: <\/strong>ABC<\/p>\n","protected":false},"excerpt":{"rendered":"<p>No es agradable la sensaci\u00f3n de pasar el peine por el\u00a0cabello\u00a0y que un\u00a0pu\u00f1ado de pelos\u00a0se quede enredado entre las p\u00faas, pero se trata de una situaci\u00f3n normal aunque nos preocupe. La\u00a0ca\u00edda del pelo\u00a0es un proceso natural puesto que en un d\u00eda se pueden llegar a caer en torno a los\u00a0100 pelos. Pese a que es [&hellip;]<\/p>\n","protected":false},"author":2,"featured_media":79008,"comment_status":"open","ping_status":"open","sticky":false,"template":"","format":"standard","meta":{"footnotes":""},"categories":[58],"tags":[],"class_list":["post-79007","post","type-post","status-publish","format-standard","has-post-thumbnail","hentry","category-qtp"],"_links":{"self":[{"href":"http:\/\/elcuartopoder.com.mx\/nw\/wp-json\/wp\/v2\/posts\/79007","targetHints":{"allow":["GET"]}}],"collection":[{"href":"http:\/\/elcuartopoder.com.mx\/nw\/wp-json\/wp\/v2\/posts"}],"about":[{"href":"http:\/\/elcuartopoder.com.mx\/nw\/wp-json\/wp\/v2\/types\/post"}],"author":[{"embeddable":true,"href":"http:\/\/elcuartopoder.com.mx\/nw\/wp-json\/wp\/v2\/users\/2"}],"replies":[{"embeddable":true,"href":"http:\/\/elcuartopoder.com.mx\/nw\/wp-json\/wp\/v2\/comments?post=79007"}],"version-history":[{"count":1,"href":"http:\/\/elcuartopoder.com.mx\/nw\/wp-json\/wp\/v2\/posts\/79007\/revisions"}],"predecessor-version":[{"id":79009,"href":"http:\/\/elcuartopoder.com.mx\/nw\/wp-json\/wp\/v2\/posts\/79007\/revisions\/79009"}],"wp:featuredmedia":[{"embeddable":true,"href":"http:\/\/elcuartopoder.com.mx\/nw\/wp-json\/wp\/v2\/media\/79008"}],"wp:attachment":[{"href":"http:\/\/elcuartopoder.com.mx\/nw\/wp-json\/wp\/v2\/media?parent=79007"}],"wp:term":[{"taxonomy":"category","embeddable":true,"href":"http:\/\/elcuartopoder.com.mx\/nw\/wp-json\/wp\/v2\/categories?post=79007"},{"taxonomy":"post_tag","embeddable":true,"href":"http:\/\/elcuartopoder.com.mx\/nw\/wp-json\/wp\/v2\/tags?post=79007"}],"curies":[{"name":"wp","href":"https:\/\/api.w.org\/{rel}","templated":true}]}}