{"id":79013,"date":"2020-05-06T14:13:44","date_gmt":"2020-05-06T19:13:44","guid":{"rendered":"http:\/\/elcuartopoder.com.mx\/nw\/?p=79013"},"modified":"2020-05-06T14:13:47","modified_gmt":"2020-05-06T19:13:47","slug":"la-segunda-gran-oleada-de-covid-19-podria-llegar-a-mexico-en-octubre-dice-lopez-gatell-a-reuters","status":"publish","type":"post","link":"http:\/\/elcuartopoder.com.mx\/nw\/nacionales\/la-segunda-gran-oleada-de-covid-19-podria-llegar-a-mexico-en-octubre-dice-lopez-gatell-a-reuters\/","title":{"rendered":"La segunda gran oleada de COVID-19 podr\u00eda llegar a M\u00e9xico en octubre, dice L\u00f3pez-Gatell a Reuters"},"content":{"rendered":"\n<p>Ciudad de M\u00e9xico.\u2013 Una segunda gran oleada de <strong>COVID-19<\/strong>\u00a0podr\u00eda llegar a M\u00e9xico en octubre, justo cuando se espera\u00a0<strong>el regreso de la influenza estacional<\/strong>, dijo\u00a0<strong>Hugo L\u00f3pez-Gatell<\/strong>, Subsecretario de Prevenci\u00f3n y Promoci\u00f3n de la Salud, en entrevista con la agencia de noticias\u00a0<em>Reuters.<\/em><\/p>\n\n\n\n<blockquote class=\"wp-block-quote is-layout-flow wp-block-quote-is-layout-flow\"><p>\u201cNo es l\u00f3gico pensar que mientras haya una epidemia de enfermedad infecciosa en el resto del mundo, cada pa\u00eds va a estar a salvo de reinfectarse\u201d, apunt\u00f3 el funcionario durante la entrevista firmada por Diego Or\u00e9.<\/p><\/blockquote>\n\n\n\n<p>\u201cLa influenza (estacional) va a regresar en octubre y se va a ir en marzo. Definitivamente esto va a pasar. Lo que no sabemos -y es probable- es que, junto con la influenza, pudiera venir la segunda gran oleada de COVID-19\u201d, a\u00f1adi\u00f3.<\/p>\n\n\n\n<p>Durante la entrevista con la agencia de noticias con sede en el Reino Unido, L\u00f3pez-Gatell asegur\u00f3 que M\u00e9xico va ganando la batalla contra el coronavirus que se origin\u00f3 en Wuhan, China.&nbsp;\u201cLos n\u00fameros son alentadores. Tenemos todav\u00eda una muy amplia capacidad de respuesta\u201d, indic\u00f3 el funcionario.<\/p>\n\n\n\n<figure class=\"wp-block-image\"><img decoding=\"async\" src=\"https:\/\/www.sinembargo.mx\/wp-content\/uploads\/2020\/05\/cuartoscuro_758014_digital.jpeg\" alt=\"\" class=\"wp-image-3780901\"\/><figcaption> Una segunda gran oleada de COVID-19 podr\u00eda llegar a M\u00e9xico en octubre. Foto: Cuartoscuro. <\/figcaption><\/figure>\n\n\n\n<p><strong>LA VACUNA NO ESTAR\u00c1 PRONTO&nbsp;<\/strong><\/p>\n\n\n\n<p>Hugo L\u00f3pez-Gatell dijo anoche que la vacuna contra la COVID-19 no estar\u00e1 lista en el futuro cercano.<\/p>\n\n\n\n<p>\u201cNo soy tan optimista de que tengamos una vacuna pronto; efectivamente, hay algunas iniciativas en el mundo de investigaci\u00f3n para el potencial desarrollo de vacunas, pero nunca se ha visto que una vacuna se logre tener en un periodo sumamente r\u00e1pido, podr\u00edamos hablar de cuatro o cinco a\u00f1os\u201d, indic\u00f3 L\u00f3pez-Gatell en su conferencia nocturna.<\/p>\n\n\n\n<p>En este sentido, se\u00f1al\u00f3 que quiz\u00e1 con el apoyo de gobiernos internacionales u organismos mundiales como la OMS, el periodo de fabricaci\u00f3n de una vacuna se podr\u00eda reducir a dos a\u00f1os, aunque no estar\u00eda lista durante este primer ciclo epid\u00e9mico.<\/p>\n\n\n\n<p>\u201cDeseo que as\u00ed ocurra; por supuesto, pero siendo realistas hay que considerar esto\u201d, apunt\u00f3 el Subsecretario.<\/p>\n\n\n\n<p><strong>M\u00c1S DE 2 MIL 500 MUERTES<\/strong><\/p>\n\n\n\n<p>En el d\u00eda 44 de la&nbsp;Jornada Nacional de Sana Distancia, M\u00e9xico report\u00f3 que&nbsp;2 mil 507 personas&nbsp;han muerto en el pa\u00eds por la COVID-19.<\/p>\n\n\n\n<p>Se han acumulado 26 mil 25 casos positivos en M\u00e9xico, de los cuales 6 mil 708 son activos. Adem\u00e1s se han registrado 16 mil 099 casos sospechosos acumulados, y m\u00e1s de 63 mil negativos.<\/p>\n\n\n\n<blockquote class=\"wp-block-quote is-layout-flow wp-block-quote-is-layout-flow\"><p>La Ciudad de M\u00e9xico y el Estado de M\u00e9xico tienen m\u00e1s casos confirmados activos, con mil 714 y 954 respectivamente, detall\u00f3 Jos\u00e9 Luis&nbsp;Alom\u00eda&nbsp;Zegarra, Director General de Epidemiolog\u00eda, durante la conferencia en Palacio Nacional.<\/p><\/blockquote>\n\n\n\n<p>Hasta el momento, se ha ocupado en todo el pa\u00eds el 31 por ciento de las camas disponibles para COVID-19, es decir, 6 mil 461, mientras que a\u00fan hay 14 mil 88 camas disponibles en 676 hospitales.<\/p>\n\n\n\n<p>M\u00e9xico logr\u00f3 aplanar la curva epid\u00e9mica del coronavirus SARS-CoV-2 gracias a las medidas que ha implementado el Gobierno para mitigar la propagaci\u00f3n de la enfermedad, de acuerdo con informaci\u00f3n oficial.<\/p>\n\n\n\n<p><strong>Fuente:<\/strong> sinembargo<\/p>\n","protected":false},"excerpt":{"rendered":"<p>Ciudad de M\u00e9xico.\u2013 Una segunda gran oleada de COVID-19\u00a0podr\u00eda llegar a M\u00e9xico en octubre, justo cuando se espera\u00a0el regreso de la influenza estacional, dijo\u00a0Hugo L\u00f3pez-Gatell, Subsecretario de Prevenci\u00f3n y Promoci\u00f3n de la Salud, en entrevista con la agencia de noticias\u00a0Reuters. \u201cNo es l\u00f3gico pensar que mientras haya una epidemia de enfermedad infecciosa en el resto [&hellip;]<\/p>\n","protected":false},"author":2,"featured_media":79014,"comment_status":"open","ping_status":"open","sticky":false,"template":"","format":"standard","meta":{"footnotes":""},"categories":[55],"tags":[],"class_list":["post-79013","post","type-post","status-publish","format-standard","has-post-thumbnail","hentry","category-nacionales"],"_links":{"self":[{"href":"http:\/\/elcuartopoder.com.mx\/nw\/wp-json\/wp\/v2\/posts\/79013","targetHints":{"allow":["GET"]}}],"collection":[{"href":"http:\/\/elcuartopoder.com.mx\/nw\/wp-json\/wp\/v2\/posts"}],"about":[{"href":"http:\/\/elcuartopoder.com.mx\/nw\/wp-json\/wp\/v2\/types\/post"}],"author":[{"embeddable":true,"href":"http:\/\/elcuartopoder.com.mx\/nw\/wp-json\/wp\/v2\/users\/2"}],"replies":[{"embeddable":true,"href":"http:\/\/elcuartopoder.com.mx\/nw\/wp-json\/wp\/v2\/comments?post=79013"}],"version-history":[{"count":1,"href":"http:\/\/elcuartopoder.com.mx\/nw\/wp-json\/wp\/v2\/posts\/79013\/revisions"}],"predecessor-version":[{"id":79015,"href":"http:\/\/elcuartopoder.com.mx\/nw\/wp-json\/wp\/v2\/posts\/79013\/revisions\/79015"}],"wp:featuredmedia":[{"embeddable":true,"href":"http:\/\/elcuartopoder.com.mx\/nw\/wp-json\/wp\/v2\/media\/79014"}],"wp:attachment":[{"href":"http:\/\/elcuartopoder.com.mx\/nw\/wp-json\/wp\/v2\/media?parent=79013"}],"wp:term":[{"taxonomy":"category","embeddable":true,"href":"http:\/\/elcuartopoder.com.mx\/nw\/wp-json\/wp\/v2\/categories?post=79013"},{"taxonomy":"post_tag","embeddable":true,"href":"http:\/\/elcuartopoder.com.mx\/nw\/wp-json\/wp\/v2\/tags?post=79013"}],"curies":[{"name":"wp","href":"https:\/\/api.w.org\/{rel}","templated":true}]}}