{"id":79023,"date":"2020-05-07T10:28:39","date_gmt":"2020-05-07T15:28:39","guid":{"rendered":"http:\/\/elcuartopoder.com.mx\/nw\/?p=79023"},"modified":"2020-05-07T10:28:43","modified_gmt":"2020-05-07T15:28:43","slug":"como-se-desarrolla-el-apego-en-los-ninos-adoptados","status":"publish","type":"post","link":"http:\/\/elcuartopoder.com.mx\/nw\/qtp\/como-se-desarrolla-el-apego-en-los-ninos-adoptados\/","title":{"rendered":"\u00bfC\u00f3mo se desarrolla el apego en los ni\u00f1os adoptados?"},"content":{"rendered":"\n<p><strong>\u00bfPor qu\u00e9 merece la pena hablar sobre el apego en los ni\u00f1os adoptados?<\/strong>&nbsp;La realidad es que se dan una serie de circunstancias en sus primeros a\u00f1os de vida que pueden hacer que su desarrollo presente algunas complicaciones asociadas. Dificultades que son caracter\u00edsticas de los ni\u00f1os que han sido adoptados y que otros ni\u00f1os dif\u00edcilmente tienen que superar.<\/p>\n\n\n\n<p>Esto puede hacer que los peque\u00f1os se comporten de forma preocupante para sus padres adoptivos.&nbsp;<strong>En ocasiones se dan conductas de excesiva dependencia hacia ellos.<\/strong>&nbsp;En otras, por el contrario, puede verse como el peque\u00f1o trata de distanciarse emocionalmente de los mismos\u2026 \u00bfPor qu\u00e9? \u00a1Contin\u00faa leyendo para averiguarlo!<\/p>\n\n\n\n<blockquote class=\"wp-block-quote is-layout-flow wp-block-quote-is-layout-flow\"><p>\u00abCuando pertenecemos a una madre, a una familia, a un idioma, a una cultura, construimos nuestra identidad, nos convertimos en alguien\u00bb<\/p><p>-Boris Cyrulnik-<\/p><\/blockquote>\n\n\n\n<div class=\"wp-block-image\"><figure class=\"aligncenter\"><img decoding=\"async\" src=\"https:\/\/lamenteesmaravillosa.com\/wp-content\/uploads\/2017\/10\/ninos-mirando-a-camara-del-sahara-1.png\" alt=\"Ni\u00f1os mirando a c\u00e1mara del s\u00e1hara\" class=\"wp-image-108425\"\/><\/figure><\/div>\n\n\n\n<h2 class=\"wp-block-heading\">\u00bfQu\u00e9 variables influyen en el apego en los ni\u00f1os adoptados?<\/h2>\n\n\n\n<p><strong>Los ni\u00f1os adoptados suelen pasar por numerosas situaciones, no siempre f\u00e1ciles o adecuadas para su edad, antes de convivir con la que ser\u00e1 su familia<\/strong>. De todas ellas, hay algunas que juegan un papel fundamental en el desarrollo del apego. Por un lado, es m\u00e1s dif\u00edcil que estos peque\u00f1os tengan un apego seguro con sus padres adoptivos si han vivido experiencias de\u00a0maltrato\u00a0y\/o negligencia en su familia de origen o en las instituciones\/familias de acogida.<\/p>\n\n\n\n<p>Cuando estamos en nuestros primeros a\u00f1os de vida,\u00a0<strong>necesitamos que los adultos que est\u00e1n a nuestro alrededor respondan a nuestras demandas de apoyo y cercan\u00eda de forma efectiva<\/strong>. Por el contrario, si nos desatienden o responden de forma agresiva, generan en nosotros desconfianza y\u00a0miedo\u00a0hacia esa misma figura que deber\u00eda transmitirnos seguridad, lo que va a influir en nuestras relaciones futuras.<\/p>\n\n\n\n<p>Algo parecido ocurre cuando los peque\u00f1os han pasado mucho tiempo institucionalizados.&nbsp;<strong>Hoy en d\u00eda es dif\u00edcil que se trate mal a los menores en estos centros de acogida<\/strong>, pero eso no quiere decir que las numerosas necesidades afectivas y psicol\u00f3gicas que se precisan a estas edades se vean cubiertas. Por ello, es una variable que influye en el desarrollo del apego en los ni\u00f1os adoptados.<\/p>\n\n\n\n<p>El caso es que, aunque est\u00e9n bien cuidados f\u00edsicamente, suele haber un solo\u00a0cuidador\u00a0para muchos peque\u00f1os, por lo que\u00a0<strong>resulta dif\u00edcil atenderles emocionalmente con la implicaci\u00f3n que ellos necesitan.<\/strong>\u00a0Por todo ello, se observan diferencias en el desarrollo del apego en los ni\u00f1os adoptados en los primeros meses de vida en comparaci\u00f3n con aquellos que lo son m\u00e1s adelante.<\/p>\n\n\n\n<blockquote class=\"wp-block-quote is-layout-flow wp-block-quote-is-layout-flow\"><p>\u00abLo que se les hace a los ni\u00f1os, los ni\u00f1os har\u00e1n a la sociedad\u00bb<\/p><p>-Karl Menninger-<\/p><\/blockquote>\n\n\n\n<div class=\"wp-block-image\"><figure class=\"aligncenter\"><img decoding=\"async\" src=\"https:\/\/lamenteesmaravillosa.com\/wp-content\/uploads\/2017\/10\/nino-rubio-con-los-brazos-sobre-los-hombros.jpg\" alt=\"Ni\u00f1o rubio con los brazos sobre los hombros\" class=\"wp-image-108423\"\/><\/figure><\/div>\n\n\n\n<h2 class=\"wp-block-heading\">\u00bfQu\u00e9 caracter\u00edsticas de los padres favorecen una apego adecuado?<\/h2>\n\n\n\n<p><strong>Estas experiencias tempranas escapan al control de los padres adoptivos.<\/strong>\u00a0Por lo tanto, cabe preguntarse, \u00bfhay algo que puedan hacer para que sus hijos se desarrollen de forma adecuada en el plano afectivo y social? Por supuesto. En el desarrollo del apego juegan un papel fundamental los comportamientos y la\u00a0personalidad\u00a0de los pap\u00e1s y las mam\u00e1s.<\/p>\n\n\n\n<p>Entre aquellas variables de los padres que van a favorecer un buen apego en los ni\u00f1os adoptados se encuentran la\u00a0estabilidad emocional, la tolerancia al estr\u00e9s, la flexibilidad y la expresi\u00f3n de los afectos de forma adecuada. Es decir,\u00a0<strong>que sean personas maduras y con un apego seguro y adem\u00e1s que sean capaces de ense\u00f1arlo, tanto con indicaciones como con el ejemplo.<\/strong><\/p>\n\n\n\n<p>Son padres con recursos suficientes para hacer frente a las adversidades y\u00a0regular las emociones negativas\u00a0de forma adaptativa, siendo capaces de pedir ayuda si lo necesitan. Adem\u00e1s, cuando lo hacen en ning\u00fan momento sienten que esta petici\u00f3n de ayuda les hace peores padres o mina su autoestima. Gracias a ello,\u00a0<strong>son capaces de transmitir a sus hijos lo importante que es la gesti\u00f3n emocional y el rendimiento que se pueden obtener de ella cuando la hacemos bien.<\/strong><\/p>\n\n\n\n<p><strong>Esta empat\u00eda les va a colocar en una posici\u00f3n privilegiada: gracias a ella van a poder conectar a sus hijos con su origen.<\/strong>\u00a0De esta manera, favorecen una visi\u00f3n m\u00e1s realista de los motivos de su adopci\u00f3n. Algo que es muy importante, ya que muchos ni\u00f1os en esta situaci\u00f3n se sienten culpables e infravalorados por haber sido abandonados. Todo esto es esencial para conseguir que tengan un apego seguro\u2026 \u00a1Trabajemos por ello!<\/p>\n\n\n\n<p><strong>Fuente:<\/strong> lamenteesmaravillosa<\/p>\n","protected":false},"excerpt":{"rendered":"<p>\u00bfPor qu\u00e9 merece la pena hablar sobre el apego en los ni\u00f1os adoptados?&nbsp;La realidad es que se dan una serie de circunstancias en sus primeros a\u00f1os de vida que pueden hacer que su desarrollo presente algunas complicaciones asociadas. Dificultades que son caracter\u00edsticas de los ni\u00f1os que han sido adoptados y que otros ni\u00f1os dif\u00edcilmente tienen [&hellip;]<\/p>\n","protected":false},"author":2,"featured_media":79024,"comment_status":"open","ping_status":"open","sticky":false,"template":"","format":"standard","meta":{"footnotes":""},"categories":[58],"tags":[],"class_list":["post-79023","post","type-post","status-publish","format-standard","has-post-thumbnail","hentry","category-qtp"],"_links":{"self":[{"href":"http:\/\/elcuartopoder.com.mx\/nw\/wp-json\/wp\/v2\/posts\/79023","targetHints":{"allow":["GET"]}}],"collection":[{"href":"http:\/\/elcuartopoder.com.mx\/nw\/wp-json\/wp\/v2\/posts"}],"about":[{"href":"http:\/\/elcuartopoder.com.mx\/nw\/wp-json\/wp\/v2\/types\/post"}],"author":[{"embeddable":true,"href":"http:\/\/elcuartopoder.com.mx\/nw\/wp-json\/wp\/v2\/users\/2"}],"replies":[{"embeddable":true,"href":"http:\/\/elcuartopoder.com.mx\/nw\/wp-json\/wp\/v2\/comments?post=79023"}],"version-history":[{"count":1,"href":"http:\/\/elcuartopoder.com.mx\/nw\/wp-json\/wp\/v2\/posts\/79023\/revisions"}],"predecessor-version":[{"id":79025,"href":"http:\/\/elcuartopoder.com.mx\/nw\/wp-json\/wp\/v2\/posts\/79023\/revisions\/79025"}],"wp:featuredmedia":[{"embeddable":true,"href":"http:\/\/elcuartopoder.com.mx\/nw\/wp-json\/wp\/v2\/media\/79024"}],"wp:attachment":[{"href":"http:\/\/elcuartopoder.com.mx\/nw\/wp-json\/wp\/v2\/media?parent=79023"}],"wp:term":[{"taxonomy":"category","embeddable":true,"href":"http:\/\/elcuartopoder.com.mx\/nw\/wp-json\/wp\/v2\/categories?post=79023"},{"taxonomy":"post_tag","embeddable":true,"href":"http:\/\/elcuartopoder.com.mx\/nw\/wp-json\/wp\/v2\/tags?post=79023"}],"curies":[{"name":"wp","href":"https:\/\/api.w.org\/{rel}","templated":true}]}}