{"id":79029,"date":"2020-05-07T10:38:02","date_gmt":"2020-05-07T15:38:02","guid":{"rendered":"http:\/\/elcuartopoder.com.mx\/nw\/?p=79029"},"modified":"2020-05-07T10:38:05","modified_gmt":"2020-05-07T15:38:05","slug":"yo-le-dije-a-calderon-que-garcia-luna-estaba-involucrado-con-la-delincuencia-afirma-lydia-cacho","status":"publish","type":"post","link":"http:\/\/elcuartopoder.com.mx\/nw\/opinion\/yo-le-dije-a-calderon-que-garcia-luna-estaba-involucrado-con-la-delincuencia-afirma-lydia-cacho\/","title":{"rendered":"Yo le dije a Calder\u00f3n que Garc\u00eda Luna estaba involucrado con la delincuencia, afirma Lydia Cacho"},"content":{"rendered":"\n<p>Ciudad de M\u00e9xico.\u2013 Lydia Cacho le dijo a <strong>Felipe Calder\u00f3n Hinojosa<\/strong>\u00a0que Genaro Garc\u00eda Luna estaba involucrado con la\u00a0<strong>delincuencia organizada<\/strong>.\u00a0As\u00ed lo asegur\u00f3 la\u00a0<strong>periodista mexicana<\/strong>\u00a0durante una entrevista con los periodistas\u00a0<strong>Alejandro P\u00e1ez Varela y \u00c1lvaro Delgado G\u00f3mez<\/strong>\u00a0en\u00a0<em>La Octava<\/em>.<\/p>\n\n\n\n<blockquote class=\"wp-block-quote is-layout-flow wp-block-quote-is-layout-flow\"><p>\u201cLe dije: Garc\u00eda Luna est\u00e1 implicado, protegiendo a los c\u00e1rteles que se dedican&nbsp;&nbsp;a la trata y explotaci\u00f3n de mujeres, y que son parte de las redes de feminicidas seriales. Su respuesta fue muy puntual: \u2018caiga, quien caiga\u2019. Era su frase favorita\u201d, dijo Lydia Cacho durante el programa<em>&nbsp;Los Periodistas<\/em>.<\/p><\/blockquote>\n\n\n\n<p>\u201cEl autor intelectual de las masacres en M\u00e9xico fue Garc\u00eda Luna, y el que se lo permiti\u00f3 fue Felipe Calder\u00f3n Hinojosa\u201d, asegur\u00f3 la periodista.<\/p>\n\n\n\n<p>\u201cSi Andr\u00e9s Manuel quiere hacer justicia, deber\u00eda pedirle al Fiscal que salgan los expedientes sobre el actuar de Genaro Garc\u00eda Luna\u201d, a\u00f1adi\u00f3 la autora de&nbsp;<em>Los demonios del Ed\u00e9n<\/em>.<\/p>\n\n\n\n<p>\u201cGarc\u00eda Luna era el operador de todo el lado oscuro de Calder\u00f3n y Fox. Tenemos que hablar de Fox. Vicente Fox.&nbsp;Con todo lo que sabe Calder\u00f3n y todo lo que supo Fox\u2026 Ambos deber\u00edan ser juzgados, no por venganza, sino porque recibieron recursos de la delincuencia para sus campa\u00f1as\u201d, agreg\u00f3.<\/p>\n\n\n\n<p>Jos\u00e9 Luis Santiago Vasconcelos, el subprocurador de la&nbsp;Siedo que perdi\u00f3 la vida cuando la aeronave en la que viajaba se estrell\u00f3 en la Ciudad de M\u00e9xico, fue el primero que le dijo a Lydia Cacho que Genaro Garc\u00eda Luna trabaja con criminales.<\/p>\n\n\n\n<p>La periodista se\u00f1al\u00f3 que aunque sab\u00eda de los nexos de Garc\u00eda Luna, Felipe Calder\u00f3n Hinojosa decidi\u00f3 darle m\u00e1s poder durante su sexenio.<\/p>\n\n\n\n<p>Ayer, la periodista mexicana Anabel Hern\u00e1ndez dijo que el narcotraficante Edgar Valdez Villarreal, alias \u201cLa Barbie\u201d, le envi\u00f3 una carta desde la prisi\u00f3n en noviembre de 2012, unos d\u00edas antes de concluyera el Gobierno de Felipe Calder\u00f3n Hinojosa, donde describe no s\u00f3lo los millonarios sobornos que recib\u00edan Genaro Garc\u00eda Luna, Luis C\u00e1rdenas Palomino, Facundo Rosas Rosas, Armando Espinosa de Benito, Ram\u00f3n Peque\u00f1o y una larga lista, sino que incluso se\u00f1ala que el propio Calder\u00f3n Hinojosa, Presidente de la Rep\u00fablica, era el \u201cque encabezaba reuniones de narcos\u201d. <\/p>\n\n\n\n<p>Y tengo entendido, a\u00f1adi\u00f3 en una entrevista en&nbsp;<em>La Octava<\/em>, que \u201cLa Barbie\u201d ser\u00e1 uno de los testigos estrella si se llega al juicio contra&nbsp;Garc\u00eda Luna, que pienso que si \u00e9l mide el verdadero escenario en que est\u00e1, \u00e9l preferir\u00e1 llegar a alg\u00fan tipo de negociaci\u00f3n, \u201cporque el Gobierno americano quiere&nbsp;peces m\u00e1s gordos, incluso m\u00e1s gordos que Genaro Garc\u00eda Luna\u201d.<\/p>\n\n\n\n<p>Garc\u00eda Luna&nbsp;dise\u00f1\u00f3 y condujo la \u201cestrategia\u201d de Calder\u00f3n Hinojosa supuestamente contra los&nbsp;c\u00e1rteles&nbsp;mexicanos. De acuerdo con la&nbsp;Fiscal\u00eda de Estados Unidos, lo que el exsecretario de seguridad p\u00fablica federal hizo en esos a\u00f1os fue favorecer al&nbsp;C\u00e1rtel de Sinaloa, una de las organizaciones criminales m\u00e1s sanguinarias de todos los tiempos; tambi\u00e9n se cree que cuid\u00f3 los intereses de Joaqu\u00edn Archivaldo \u201cEl Chapo\u201d Guzm\u00e1n Loera; de Ismael \u201cEl Mayo\u201d Zambada y de H\u00e9ctor Beltr\u00e1n Leyva.<\/p>\n\n\n\n<p>Garc\u00eda Luna, quien fue Secretario de Seguridad P\u00fablica de 2006 a 2012 bajo el Gobierno del expresidente Felipe Calder\u00f3n, est\u00e1 acusado en Nueva York de tres cargos de asociaci\u00f3n delictiva para el tr\u00e1fico de coca\u00edna y de falso testimonio.<\/p>\n\n\n\n<p>Se ha declarado inocente de las acusaciones de los fiscales, quienes alegan que recibi\u00f3 enormes cantidades de dinero por parte del c\u00e1rtel de Joaqu\u00edn \u201cEl Chapo\u201d Guzm\u00e1n a cambio de permitir que \u00e9ste traficara coca\u00edna a sus anchas.<\/p>\n\n\n\n<blockquote class=\"wp-block-quote is-layout-flow wp-block-quote-is-layout-flow\"><p>Durante el juicio a \u201cEl Chapo\u201d celebrado a fines de 2018 e inicios de 2019 en Nueva York, el jurado escuch\u00f3 al ex miembro del C\u00e1rtel de Sinaloa, Jes\u00fas Zambada, testificar que entreg\u00f3 personalmente por lo menos seis millones de d\u00f3lares a Garc\u00eda Luna en pagos clandestinos a nombre de su hermano mayor, el jefe del c\u00e1rtel, Ismael \u201cEl Mayo\u201d Zambada.<\/p><\/blockquote>\n\n\n\n<p>El testigo dijo que se reuni\u00f3 con Garc\u00eda Luna en un restaurante entre 2005 y 2006. Jes\u00fas Zambada declar\u00f3 que le dio una maleta con tres millones de d\u00f3lares en el lugar. En ese momento Garc\u00eda Luna estaba a cargo de la agencia federal de investigaci\u00f3n de M\u00e9xico. En una segunda reuni\u00f3n en 2007, cuando Garc\u00eda Luna ya era Secretario de Seguridad P\u00fablica, Zambada dijo que le dio otra maleta con entre tres y cinco millones de d\u00f3lares.<\/p>\n\n\n\n<p><strong>Fuente:<\/strong> SinEmbargo <\/p>\n","protected":false},"excerpt":{"rendered":"<p>Ciudad de M\u00e9xico.\u2013 Lydia Cacho le dijo a Felipe Calder\u00f3n Hinojosa\u00a0que Genaro Garc\u00eda Luna estaba involucrado con la\u00a0delincuencia organizada.\u00a0As\u00ed lo asegur\u00f3 la\u00a0periodista mexicana\u00a0durante una entrevista con los periodistas\u00a0Alejandro P\u00e1ez Varela y \u00c1lvaro Delgado G\u00f3mez\u00a0en\u00a0La Octava. \u201cLe dije: Garc\u00eda Luna est\u00e1 implicado, protegiendo a los c\u00e1rteles que se dedican&nbsp;&nbsp;a la trata y explotaci\u00f3n de mujeres, y [&hellip;]<\/p>\n","protected":false},"author":2,"featured_media":79030,"comment_status":"open","ping_status":"open","sticky":false,"template":"","format":"standard","meta":{"footnotes":""},"categories":[62],"tags":[],"class_list":["post-79029","post","type-post","status-publish","format-standard","has-post-thumbnail","hentry","category-opinion"],"_links":{"self":[{"href":"http:\/\/elcuartopoder.com.mx\/nw\/wp-json\/wp\/v2\/posts\/79029","targetHints":{"allow":["GET"]}}],"collection":[{"href":"http:\/\/elcuartopoder.com.mx\/nw\/wp-json\/wp\/v2\/posts"}],"about":[{"href":"http:\/\/elcuartopoder.com.mx\/nw\/wp-json\/wp\/v2\/types\/post"}],"author":[{"embeddable":true,"href":"http:\/\/elcuartopoder.com.mx\/nw\/wp-json\/wp\/v2\/users\/2"}],"replies":[{"embeddable":true,"href":"http:\/\/elcuartopoder.com.mx\/nw\/wp-json\/wp\/v2\/comments?post=79029"}],"version-history":[{"count":1,"href":"http:\/\/elcuartopoder.com.mx\/nw\/wp-json\/wp\/v2\/posts\/79029\/revisions"}],"predecessor-version":[{"id":79031,"href":"http:\/\/elcuartopoder.com.mx\/nw\/wp-json\/wp\/v2\/posts\/79029\/revisions\/79031"}],"wp:featuredmedia":[{"embeddable":true,"href":"http:\/\/elcuartopoder.com.mx\/nw\/wp-json\/wp\/v2\/media\/79030"}],"wp:attachment":[{"href":"http:\/\/elcuartopoder.com.mx\/nw\/wp-json\/wp\/v2\/media?parent=79029"}],"wp:term":[{"taxonomy":"category","embeddable":true,"href":"http:\/\/elcuartopoder.com.mx\/nw\/wp-json\/wp\/v2\/categories?post=79029"},{"taxonomy":"post_tag","embeddable":true,"href":"http:\/\/elcuartopoder.com.mx\/nw\/wp-json\/wp\/v2\/tags?post=79029"}],"curies":[{"name":"wp","href":"https:\/\/api.w.org\/{rel}","templated":true}]}}