{"id":79241,"date":"2020-05-12T12:08:27","date_gmt":"2020-05-12T17:08:27","guid":{"rendered":"http:\/\/elcuartopoder.com.mx\/nw\/?p=79241"},"modified":"2020-05-12T12:08:30","modified_gmt":"2020-05-12T17:08:30","slug":"uso-prolongado-del-cubrebocas-produce-hipoxia","status":"publish","type":"post","link":"http:\/\/elcuartopoder.com.mx\/nw\/entretenimiento\/salud\/uso-prolongado-del-cubrebocas-produce-hipoxia\/","title":{"rendered":"Uso prolongado del cubrebocas produce hipoxia"},"content":{"rendered":"\n<p>M\u00e9dicos, enfermeras y dem\u00e1s personal de salud, sobre todo los que est\u00e1n en contacto directo con los enfermos de Covid-19, tienen que usar cubrebocas de manera obligatoria durante toda su jornada laboral.<\/p>\n\n\n\n<p>Por disposici\u00f3n gubernamental, los ciudadanos tambi\u00e9n deben llevarlos cuando circulen en la v\u00eda p\u00fablica para evitar contagiarse de coronavirus.<\/p>\n\n\n\n<p>Sin embargo, seg\u00fan opiniones m\u00e9dicas, el uso prolongado del cubre-bocas produce hipoxia, es decir, falta de ox\u00edgeno en el organismo.<\/p>\n\n\n\n<p>Al respirar una y otra vez el aire que exhalamos, que es en di\u00f3xido de carbono, provoca que el individuo se sienta mareado y se intoxique, sobre todo cuando se desplaza. Otros s\u00edntomas son dolor de cabeza, fatiga, palpitaciones, presi\u00f3n arterial alta, n\u00e1useas, v\u00f3mitos, p\u00e9rdida de reflejos y de pensamiento consciente.<\/p>\n\n\n\n<p>Adem\u00e1s la falta de ox\u00edgeno produce descomposici\u00f3n de la glucosa y la subida peligrosa de \u00e1cido l\u00e1ctico, el cual influye de manera negativa en el metabolismo del calcio en los m\u00fasculos del organismo, lo que afecta, a su vez, la capacidad de contracci\u00f3n de determinadas fibras musculares.<\/p>\n\n\n\n<p>Algunas personas usan cubrebocas cuando manejan, lo cual puede ser muy peligroso porque con el aire viciado pueden perder el conocimiento y ocasionar un accidente.<br>Lo recomendable es levantarlo cada diez minutos. Es contraproducente para las personas que atienden ocho horas al p\u00fablico pues se intoxican sin saberlo.<\/p>\n\n\n\n<p>Un trabajador de salud que est\u00e1 en el \u00e1rea de Covid-19 dijo que en el ISSSTE s\u00f3lo seis horas permanecen en el \u00e1rea pues llevar cubre-bocas produce desesperaci\u00f3n debido a que est\u00e1n sellados y, efectivamente, hay una acumulaci\u00f3n de di\u00f3xido de carbono, lo que propicia que la persona se sienta mal y en algunos casos incluso presenten reacciones cut\u00e1neas.<\/p>\n\n\n\n<p>Finalmente otros expertos se\u00f1alan que todav\u00eda no est\u00e1 comprobado que el uso de cubre-bocas cause hipoxia pero s\u00ed ocasiona algunas molestias, como la incomodidad de las marcas que dejan en la cara. <\/p>\n\n\n\n<p><strong>Fuente: <\/strong>POR ESTO!<\/p>\n","protected":false},"excerpt":{"rendered":"<p>M\u00e9dicos, enfermeras y dem\u00e1s personal de salud, sobre todo los que est\u00e1n en contacto directo con los enfermos de Covid-19, tienen que usar cubrebocas de manera obligatoria durante toda su jornada laboral. Por disposici\u00f3n gubernamental, los ciudadanos tambi\u00e9n deben llevarlos cuando circulen en la v\u00eda p\u00fablica para evitar contagiarse de coronavirus. Sin embargo, seg\u00fan opiniones [&hellip;]<\/p>\n","protected":false},"author":2,"featured_media":79242,"comment_status":"open","ping_status":"open","sticky":false,"template":"","format":"standard","meta":{"footnotes":""},"categories":[56],"tags":[],"class_list":["post-79241","post","type-post","status-publish","format-standard","has-post-thumbnail","hentry","category-salud"],"_links":{"self":[{"href":"http:\/\/elcuartopoder.com.mx\/nw\/wp-json\/wp\/v2\/posts\/79241","targetHints":{"allow":["GET"]}}],"collection":[{"href":"http:\/\/elcuartopoder.com.mx\/nw\/wp-json\/wp\/v2\/posts"}],"about":[{"href":"http:\/\/elcuartopoder.com.mx\/nw\/wp-json\/wp\/v2\/types\/post"}],"author":[{"embeddable":true,"href":"http:\/\/elcuartopoder.com.mx\/nw\/wp-json\/wp\/v2\/users\/2"}],"replies":[{"embeddable":true,"href":"http:\/\/elcuartopoder.com.mx\/nw\/wp-json\/wp\/v2\/comments?post=79241"}],"version-history":[{"count":1,"href":"http:\/\/elcuartopoder.com.mx\/nw\/wp-json\/wp\/v2\/posts\/79241\/revisions"}],"predecessor-version":[{"id":79243,"href":"http:\/\/elcuartopoder.com.mx\/nw\/wp-json\/wp\/v2\/posts\/79241\/revisions\/79243"}],"wp:featuredmedia":[{"embeddable":true,"href":"http:\/\/elcuartopoder.com.mx\/nw\/wp-json\/wp\/v2\/media\/79242"}],"wp:attachment":[{"href":"http:\/\/elcuartopoder.com.mx\/nw\/wp-json\/wp\/v2\/media?parent=79241"}],"wp:term":[{"taxonomy":"category","embeddable":true,"href":"http:\/\/elcuartopoder.com.mx\/nw\/wp-json\/wp\/v2\/categories?post=79241"},{"taxonomy":"post_tag","embeddable":true,"href":"http:\/\/elcuartopoder.com.mx\/nw\/wp-json\/wp\/v2\/tags?post=79241"}],"curies":[{"name":"wp","href":"https:\/\/api.w.org\/{rel}","templated":true}]}}