{"id":79244,"date":"2020-05-12T12:11:27","date_gmt":"2020-05-12T17:11:27","guid":{"rendered":"http:\/\/elcuartopoder.com.mx\/nw\/?p=79244"},"modified":"2020-05-12T12:12:13","modified_gmt":"2020-05-12T17:12:13","slug":"proceso-electoral-2020-2021-arrancaria-en-noviembre","status":"publish","type":"post","link":"http:\/\/elcuartopoder.com.mx\/nw\/politica\/proceso-electoral-2020-2021-arrancaria-en-noviembre\/","title":{"rendered":"Proceso electoral 2020-2021 arrancar\u00eda en noviembre"},"content":{"rendered":"\n<p>El Congreso del Estado tiene hasta el 31 de mayo para hacer las reformas electorales necesarias de cara al pr\u00f3ximo proceso electoral, pero este plazo podr\u00eda diferirse por dos meses, de acuerdo con la solicitud que el Iepac habr\u00eda hecho ya al Legislativo.<br>Se sabe que d\u00edas pasados el Instituto Electoral y de Participaci\u00f3n Ciudadana (Iepac) present\u00f3 al Legislativo una propuesta para que el proceso electoral 2020-2021 arranque en noviembre y no en septiembre como est\u00e1 previsto.<\/p>\n\n\n\n<p>La diputada Karla Franco Blanco (PRI), presidenta de la Comisi\u00f3n de Puntos Constitucionales y Gobernaci\u00f3n y coordinadora de la mesa de an\u00e1lisis que se estableci\u00f3 para estudiar las iniciativas relativas al tema electoral, expuso que hasta ahora no han sido notificados de manera oficial de la petici\u00f3n del Iepac.<\/p>\n\n\n\n<p>Sin embargo, consider\u00f3 que el Legislativo podr\u00eda apoyar esta solicitud pues ayudar\u00eda a desahogar el trabajo que ya se tiene, aunque tambi\u00e9n dijo que la comisi\u00f3n se\u00f1alada concluy\u00f3 ya hace unos d\u00edas con el an\u00e1lisis y estudio de las ocho iniciativas que hoy se tienen relativas al tema electoral, por lo que en breve informar\u00e1 de ello.<\/p>\n\n\n\n<p>Expres\u00f3 que se ha concluido con el an\u00e1lisis de estas iniciativas presentadas por los diferentes partidos y una vez que se haga el informe ser\u00eda en el seno de la Comisi\u00f3n de Puntos Constitucionales que se tomen las decisiones respecto de las reformas necesarias.<\/p>\n\n\n\n<p>Expuso que al extenderse el inicio de proceso electoral se extender\u00eda tambi\u00e9n el plazo para que est\u00e9 lista la reforma. Explic\u00f3 que se puso como fecha el 31 de mayo porque la norma establece que cualquier reforma electoral debe estar lista 90 d\u00edas previos al inicio de la elecci\u00f3n, de tal forma que se correr\u00eda el plazo dos meses.<\/p>\n\n\n\n<p>De la propuesta del Iepac, dijo que para aplazar dos meses el inicio del proceso se tendr\u00eda que modificar la Ley de Procedimientos Electorales.<\/p>\n\n\n\n<p>Franco Blanco dijo que hasta el d\u00eda de hoy hay 8 iniciativas relacionadas con el tema electoral, cuyo an\u00e1lisis y estudio han concluido, aunque podr\u00eda haber otras, pues las diputadas de Movimiento Ciudadano, por ejemplo, han anunciado que presentar\u00e1n otras m\u00e1s.<\/p>\n\n\n\n<p>Las iniciativas presentadas son 4 de Movimiento Ciudadano, 2 del PAN, una de Morena y una del PRD.<\/p>\n\n\n\n<p>Una de las iniciativas que propone cambios de mayor envergadura y que puede resultar un tanto pol\u00e9mico es la que present\u00f3 Movimiento Ciudadano para reformar la Ley de Instituciones y Procedimientos Electorales del Estado de Yucat\u00e1n, a la que se sumaron los diputados Luis Mar\u00eda Aguilar Castillo del PANAL, Harry Gerardo Botello del PVEM, Alejandro Cuevas Mena del PRD, Felipe Cervera Hern\u00e1ndez y Enrique Castillo, ambos del PRI.<\/p>\n\n\n\n<p>Esta iniciativa propone modificar el sistema de elecci\u00f3n de regidores: sustituir el sistema de planilla vigente para que el candidato perdedor tenga un lugar en el Cabildo.<\/p>\n\n\n\n<p>Con esta propuesta quedar\u00eda establecido que en una elecci\u00f3n que ganara determinado candidato a presidente municipal, el que haya quedado en segundo lugar y que ser\u00eda de otro partido al ser su rival en la elecci\u00f3n, ocupar\u00eda una regidur\u00eda con el cargo de S\u00edndico municipal.<\/p>\n\n\n\n<p>El esp\u00edritu de esta propuesta es garantizar que el voto de los ciudadanos cuya opini\u00f3n no result\u00f3 ganadora, no se quede sin representaci\u00f3n en el Cabildo y dichos votos se traducir\u00edan en una representaci\u00f3n.<\/p>\n\n\n\n<p>Una segunda iniciativa, presentada por la diputada Rosa Adriana D\u00edaz Lizama (PAN) propone reformas a la Constituci\u00f3n Pol\u00edtica del Estado, entre las que se encuentran el hecho de que se homologue al marco normativo federal y que para reformar el porcentaje m\u00ednimo de votos para la asignaci\u00f3n de una diputaci\u00f3n plurinominal y que pase del 2 al 3 por ciento de votos del padr\u00f3n electoral.<\/p>\n\n\n\n<p>Adem\u00e1s, plantea que se elimine el llamado \u201crepechaje\u201d y que la conformaci\u00f3n definitiva de las listas de diputados de representaci\u00f3n proporcional sea por medio de las listas de candidatos que cada partido presenta. Se derogar\u00eda la forma que prevalece actualmente que establece que la lista definitiva en cuesti\u00f3n se integra por los 5 candidatos de representaci\u00f3n proporcional que presenta cada partido y por los 5 diputados de mayor\u00eda relativa que encabezaron sus respectivas f\u00f3rmulas ordenadas de manera decreciente de acuerdo con los porcentajes de votaci\u00f3n v\u00e1lida que hubieran alcanzado en sus distritos.<\/p>\n\n\n\n<p>Se propone tambi\u00e9n que la lista que registran los partidos pol\u00edticos a las diputaciones de representaci\u00f3n proporcional est\u00e9 conformada por 10 candidatos y no por 5, como ocurre actualmente, y con ello dar certeza de la asignaci\u00f3n de manera justa y evitar impugnaciones a la lista definitiva.<\/p>\n\n\n\n<p>Otras iniciativas presentadas por Movimiento Ciudadano establecen tipificar en el C\u00f3digo Penal el delito de violencia pol\u00edtica en raz\u00f3n de g\u00e9nero y de la misma forma que en la iniciativa presentada por la diputada D\u00edaz Lizama, plantea que se elimine la figura del \u201cmejor perdedor\u201d y se siga la lista de los partidos pol\u00edticos para garantizar la paridad de g\u00e9nero.<\/p>\n\n\n\n<p>Adem\u00e1s, buscan que se elimine la negativa de entregar financiamiento p\u00fablico a los partidos que no hayan alcanzado el 3 por ciento de la votaci\u00f3n, porque tendr\u00e1n que competir, en inequidad, con otros partidos locales y nacionales que al haber alcanzado el porcentaje s\u00ed recibir\u00e1n financiamiento p\u00fablico y privado.<\/p>\n\n\n\n<p>Otra plantea que se elimine la Ley Seca durante las elecciones en establecimientos como restaurantes de lujo, pizzer\u00edas, restaurantes, que se encuentren en los centros hist\u00f3ricos de los municipios, zonas costeras, hoteles, paradores tur\u00edsticos, plazas comerciales, aeropuertos, centrales camioneras y cualquier otro centro de transbordo con fines tur\u00edsticos.<\/p>\n\n\n\n<p>La iniciativa presentada por el diputado Luis Loeza Pacheco de MORENA plantea que los partidos postulen en la elecci\u00f3n de diputados locales por el principio de mayor\u00eda relativa a personas que se autodescriban como ind\u00edgenas en al menos 4 de los 15 distritos locales existentes que cuenten con mayor porcentaje de poblaci\u00f3n ind\u00edgena.<\/p>\n\n\n\n<p><strong>Fuente:&nbsp;<\/strong>POR ESTO! <\/p>\n","protected":false},"excerpt":{"rendered":"<p>El Congreso del Estado tiene hasta el 31 de mayo para hacer las reformas electorales necesarias de cara al pr\u00f3ximo proceso electoral, pero este plazo podr\u00eda diferirse por dos meses, de acuerdo con la solicitud que el Iepac habr\u00eda hecho ya al Legislativo.Se sabe que d\u00edas pasados el Instituto Electoral y de Participaci\u00f3n Ciudadana (Iepac) [&hellip;]<\/p>\n","protected":false},"author":2,"featured_media":79245,"comment_status":"open","ping_status":"open","sticky":false,"template":"","format":"standard","meta":{"footnotes":""},"categories":[61],"tags":[],"class_list":["post-79244","post","type-post","status-publish","format-standard","has-post-thumbnail","hentry","category-politica"],"_links":{"self":[{"href":"http:\/\/elcuartopoder.com.mx\/nw\/wp-json\/wp\/v2\/posts\/79244","targetHints":{"allow":["GET"]}}],"collection":[{"href":"http:\/\/elcuartopoder.com.mx\/nw\/wp-json\/wp\/v2\/posts"}],"about":[{"href":"http:\/\/elcuartopoder.com.mx\/nw\/wp-json\/wp\/v2\/types\/post"}],"author":[{"embeddable":true,"href":"http:\/\/elcuartopoder.com.mx\/nw\/wp-json\/wp\/v2\/users\/2"}],"replies":[{"embeddable":true,"href":"http:\/\/elcuartopoder.com.mx\/nw\/wp-json\/wp\/v2\/comments?post=79244"}],"version-history":[{"count":2,"href":"http:\/\/elcuartopoder.com.mx\/nw\/wp-json\/wp\/v2\/posts\/79244\/revisions"}],"predecessor-version":[{"id":79247,"href":"http:\/\/elcuartopoder.com.mx\/nw\/wp-json\/wp\/v2\/posts\/79244\/revisions\/79247"}],"wp:featuredmedia":[{"embeddable":true,"href":"http:\/\/elcuartopoder.com.mx\/nw\/wp-json\/wp\/v2\/media\/79245"}],"wp:attachment":[{"href":"http:\/\/elcuartopoder.com.mx\/nw\/wp-json\/wp\/v2\/media?parent=79244"}],"wp:term":[{"taxonomy":"category","embeddable":true,"href":"http:\/\/elcuartopoder.com.mx\/nw\/wp-json\/wp\/v2\/categories?post=79244"},{"taxonomy":"post_tag","embeddable":true,"href":"http:\/\/elcuartopoder.com.mx\/nw\/wp-json\/wp\/v2\/tags?post=79244"}],"curies":[{"name":"wp","href":"https:\/\/api.w.org\/{rel}","templated":true}]}}