{"id":79264,"date":"2020-05-07T00:46:55","date_gmt":"2020-05-07T05:46:55","guid":{"rendered":"http:\/\/elcuartopoder.com.mx\/nw\/?p=79264"},"modified":"2020-05-13T00:48:32","modified_gmt":"2020-05-13T05:48:32","slug":"poder-judicial-sanitiza-sus-edificios-2","status":"publish","type":"post","link":"http:\/\/elcuartopoder.com.mx\/nw\/prensa\/poder-judicial-sanitiza-sus-edificios-2\/","title":{"rendered":"Poder Judicial sanitiza sus edificios"},"content":{"rendered":"\n<p><strong>Chetumal, Q. Roo.- <\/strong>Como parte de las acciones implementadas para atender la contingencia del COVID-19 en la entidad, el Poder Judicial del Estado ha dado continuidad a la sanitizaci\u00f3n de los edificios \u2013con especial \u00e9nfasis en aquellos destinados a la atenci\u00f3n al p\u00fablico usuario\u2013 para optimizar el derecho a la salud de las y los justiciables y del personal de esta Instituci\u00f3n, en seguimiento de las recomendaciones de las autoridades sanitarias.<\/p>\n\n\n\n<p>&nbsp;Esto en atenci\u00f3n a que, de conformidad con los Acuerdos tomados tanto por el Pleno del Tribunal Superior de Justicia, como del Pleno del Consejo de la Judicatura, se ha suspendido hasta el 31 de mayo de este a\u00f1o la atenci\u00f3n al p\u00fablico en diversos \u00f3rganos del Poder Judicial, con excepci\u00f3n de los asuntos de car\u00e1cter urgente en las materias familiar y penal, en los que es necesario garantizar los derechos fundamentales de la ciudadan\u00eda.<\/p>\n\n\n\n<p>&nbsp;Por lo que, de manera adicional al uso de medios de car\u00e1cter tecnol\u00f3gico en la Instituci\u00f3n para evitar la aglomeraci\u00f3n de personas \u2013tales como el desahogo de audiencias por medio de videoconferencias en tiempo real, as\u00ed como el trabajo a distancia\u2013, se han tomado medidas para reforzar la sanitizaci\u00f3n e higiene de los espacios p\u00fablicos, a fin de dar una atenci\u00f3n integral a este contexto sanitario.<\/p>\n\n\n\n<p>&nbsp;El Tribunal Superior de Justicia y el Consejo de la Judicatura, a trav\u00e9s de los \u00f3rganos especializados en materia de protecci\u00f3n civil, salud y seguridad en el trabajo, contin\u00faan implementando las acciones necesarias para garantizar la operatividad del Poder Judicial, reforzando las medidas sanitarias que incidan en el acceso a una justicia humana, moderna y cercana con la sociedad durante esta contingencia.<\/p>\n\n\n\n<p> <strong>Fuente:<\/strong>&nbsp;tsjqroo <\/p>\n","protected":false},"excerpt":{"rendered":"<p>Chetumal, Q. Roo.- Como parte de las acciones implementadas para atender la contingencia del COVID-19 en la entidad, el Poder Judicial del Estado ha dado continuidad a la sanitizaci\u00f3n de los edificios \u2013con especial \u00e9nfasis en aquellos destinados a la atenci\u00f3n al p\u00fablico usuario\u2013 para optimizar el derecho a la salud de las y los [&hellip;]<\/p>\n","protected":false},"author":2,"featured_media":79265,"comment_status":"open","ping_status":"open","sticky":false,"template":"","format":"standard","meta":{"footnotes":""},"categories":[65],"tags":[],"class_list":["post-79264","post","type-post","status-publish","format-standard","has-post-thumbnail","hentry","category-prensa"],"_links":{"self":[{"href":"http:\/\/elcuartopoder.com.mx\/nw\/wp-json\/wp\/v2\/posts\/79264","targetHints":{"allow":["GET"]}}],"collection":[{"href":"http:\/\/elcuartopoder.com.mx\/nw\/wp-json\/wp\/v2\/posts"}],"about":[{"href":"http:\/\/elcuartopoder.com.mx\/nw\/wp-json\/wp\/v2\/types\/post"}],"author":[{"embeddable":true,"href":"http:\/\/elcuartopoder.com.mx\/nw\/wp-json\/wp\/v2\/users\/2"}],"replies":[{"embeddable":true,"href":"http:\/\/elcuartopoder.com.mx\/nw\/wp-json\/wp\/v2\/comments?post=79264"}],"version-history":[{"count":2,"href":"http:\/\/elcuartopoder.com.mx\/nw\/wp-json\/wp\/v2\/posts\/79264\/revisions"}],"predecessor-version":[{"id":79268,"href":"http:\/\/elcuartopoder.com.mx\/nw\/wp-json\/wp\/v2\/posts\/79264\/revisions\/79268"}],"wp:featuredmedia":[{"embeddable":true,"href":"http:\/\/elcuartopoder.com.mx\/nw\/wp-json\/wp\/v2\/media\/79265"}],"wp:attachment":[{"href":"http:\/\/elcuartopoder.com.mx\/nw\/wp-json\/wp\/v2\/media?parent=79264"}],"wp:term":[{"taxonomy":"category","embeddable":true,"href":"http:\/\/elcuartopoder.com.mx\/nw\/wp-json\/wp\/v2\/categories?post=79264"},{"taxonomy":"post_tag","embeddable":true,"href":"http:\/\/elcuartopoder.com.mx\/nw\/wp-json\/wp\/v2\/tags?post=79264"}],"curies":[{"name":"wp","href":"https:\/\/api.w.org\/{rel}","templated":true}]}}