{"id":79312,"date":"2020-05-13T12:15:16","date_gmt":"2020-05-13T17:15:16","guid":{"rendered":"http:\/\/elcuartopoder.com.mx\/nw\/?p=79312"},"modified":"2020-05-13T12:15:19","modified_gmt":"2020-05-13T17:15:19","slug":"de-cancun-a-tulum-la-via-correra-en-medio-del-camellon","status":"publish","type":"post","link":"http:\/\/elcuartopoder.com.mx\/nw\/estatales\/de-cancun-a-tulum-la-via-correra-en-medio-del-camellon\/","title":{"rendered":"De Canc\u00fan a Tulum la v\u00eda correr\u00e1 en medio del camell\u00f3n"},"content":{"rendered":"\n<p>Los tramos del Tren Maya que ir\u00e1n de Tulum a Bacalar y de ah\u00ed a Calakmul y el entronque con Esc\u00e1rcega van a quedar pendientes y para el Tramo 4 \u2013Izamal-Canc\u00fan- este mes ser\u00e1 entregado el contrato, anunci\u00f3 el presidente de M\u00e9xico, Andr\u00e9s Manuel L\u00f3pez Obrador, durante su conferencia matutina de ayer lunes.<\/p>\n\n\n\n<p>En mandatario nacional anunci\u00f3 que la semana pr\u00f3xima, Rogelio Jim\u00e9nez Pons, director del Fondo Nacional de Fomento al Turismo (Fonatur) y responsable del proyecto Tren Maya, va a explicar los avances que hay en el tema.<\/p>\n\n\n\n<p>\u201cYa se tiene otorgados los contratos para empezar a construir el tren, la v\u00eda. Ya este mes se tienen entregados cuatro contratos a cuatro empresas que van a construir alrededor de 900 kil\u00f3metros desde Palenque hasta Canc\u00fan, pasando por Esc\u00e1rcega, por Campeche, por M\u00e9rida\u201d, asegur\u00f3 L\u00f3pez Obrador.<\/p>\n\n\n\n<p>A inicios de mayo, Jim\u00e9nez Pons, dijo a POR ESTO! que en este mismo mes o al final, saldr\u00e1 la licitaci\u00f3n para el tramo que va de Canc\u00fan a Tulum, dichos trabajos consistir\u00e1n, tambi\u00e9n, en ampliar y mejorar la carretera que ya existe.<\/p>\n\n\n\n<p>Detall\u00f3 que en el caso de la autopista Kantunil-Canc\u00fan, de la cual dijo que las negociaciones con la empresa concesionaria iban por buen camino, seguir\u00e1 contando con cuatro carriles, adem\u00e1s de las v\u00edas del tren, pues se har\u00e1 una ampliaci\u00f3n en el derecho de v\u00eda ya existente. En el tramo Canc\u00fan-Tulum, el tren va a ir por en medio del camell\u00f3n.<\/p>\n\n\n\n<p>Ayer, en la conferencia matutina, el presidente insisti\u00f3 en que \u201cya se tienen los cuatro tramos y pronto, para medianos de junio, empezamos con el quinto tramo que es Canc\u00fan a Tulum, y nos quedan dos pendientes: de Tulum a Bacalar, Chetumal, Calakmul y el entronque de nuevo con Esc\u00e1rcega\u201d.<\/p>\n\n\n\n<p>Remarc\u00f3 que \u201cahora m\u00e1s que nunca necesitamos hacer esa obra porque va a significar, s\u00f3lo en el tramo de Palenque a Canc\u00fan-Tulum, m\u00e1s de 100 mil empleos\u201d.<\/p>\n\n\n\n<p>El pr\u00f3ximo viernes, Fonatur emitir\u00e1 el fallo para el Tramo 3 y se anunciar\u00e1 el consorcio que presente la mejor propuesta.<\/p>\n\n\n\n<p>Tras la recepci\u00f3n y apertura de propuestas para la licitaci\u00f3n p\u00fablica internacional abierta del Tramo 3 del Tren Maya, Fonatur recibi\u00f3 16 ofertas t\u00e9cnicas y econ\u00f3micas; \u00e9ste recorre aproximadamente 172 kil\u00f3metros, desde Calkin\u00ed, Campeche hasta Izamal, Yucat\u00e1n. Las obras de construcci\u00f3n, seg\u00fan el calendario establecido, iniciar\u00e1n el 25 de mayo con la autorizaci\u00f3n de la autoridad de Salud.<\/p>\n\n\n\n<p>\u201cTengo confianza de que vamos pronto, a pesar del pesimismo que hay en nuestros adversarios, el mal humor, el enojo, nosotros estamos optimistas y tenemos la convicci\u00f3n de que vamos a sacar adelante la econom\u00eda de M\u00e9xico, con empleos y con bienestar\u201d, asegur\u00f3 el presidente de M\u00e9xico.<\/p>\n\n\n\n<p><strong>Fuente:<\/strong> POR ESTO!<\/p>\n","protected":false},"excerpt":{"rendered":"<p>Los tramos del Tren Maya que ir\u00e1n de Tulum a Bacalar y de ah\u00ed a Calakmul y el entronque con Esc\u00e1rcega van a quedar pendientes y para el Tramo 4 \u2013Izamal-Canc\u00fan- este mes ser\u00e1 entregado el contrato, anunci\u00f3 el presidente de M\u00e9xico, Andr\u00e9s Manuel L\u00f3pez Obrador, durante su conferencia matutina de ayer lunes. En mandatario [&hellip;]<\/p>\n","protected":false},"author":2,"featured_media":79313,"comment_status":"open","ping_status":"open","sticky":false,"template":"","format":"standard","meta":{"footnotes":""},"categories":[60],"tags":[],"class_list":["post-79312","post","type-post","status-publish","format-standard","has-post-thumbnail","hentry","category-estatales"],"_links":{"self":[{"href":"http:\/\/elcuartopoder.com.mx\/nw\/wp-json\/wp\/v2\/posts\/79312","targetHints":{"allow":["GET"]}}],"collection":[{"href":"http:\/\/elcuartopoder.com.mx\/nw\/wp-json\/wp\/v2\/posts"}],"about":[{"href":"http:\/\/elcuartopoder.com.mx\/nw\/wp-json\/wp\/v2\/types\/post"}],"author":[{"embeddable":true,"href":"http:\/\/elcuartopoder.com.mx\/nw\/wp-json\/wp\/v2\/users\/2"}],"replies":[{"embeddable":true,"href":"http:\/\/elcuartopoder.com.mx\/nw\/wp-json\/wp\/v2\/comments?post=79312"}],"version-history":[{"count":1,"href":"http:\/\/elcuartopoder.com.mx\/nw\/wp-json\/wp\/v2\/posts\/79312\/revisions"}],"predecessor-version":[{"id":79314,"href":"http:\/\/elcuartopoder.com.mx\/nw\/wp-json\/wp\/v2\/posts\/79312\/revisions\/79314"}],"wp:featuredmedia":[{"embeddable":true,"href":"http:\/\/elcuartopoder.com.mx\/nw\/wp-json\/wp\/v2\/media\/79313"}],"wp:attachment":[{"href":"http:\/\/elcuartopoder.com.mx\/nw\/wp-json\/wp\/v2\/media?parent=79312"}],"wp:term":[{"taxonomy":"category","embeddable":true,"href":"http:\/\/elcuartopoder.com.mx\/nw\/wp-json\/wp\/v2\/categories?post=79312"},{"taxonomy":"post_tag","embeddable":true,"href":"http:\/\/elcuartopoder.com.mx\/nw\/wp-json\/wp\/v2\/tags?post=79312"}],"curies":[{"name":"wp","href":"https:\/\/api.w.org\/{rel}","templated":true}]}}