{"id":79335,"date":"2020-05-14T12:32:34","date_gmt":"2020-05-14T17:32:34","guid":{"rendered":"http:\/\/elcuartopoder.com.mx\/nw\/?p=79335"},"modified":"2020-05-14T12:32:37","modified_gmt":"2020-05-14T17:32:37","slug":"un-estudio-genetico-ofrece-una-explicacion-a-la-baja-estatura-de-los-peruanos","status":"publish","type":"post","link":"http:\/\/elcuartopoder.com.mx\/nw\/varios\/un-estudio-genetico-ofrece-una-explicacion-a-la-baja-estatura-de-los-peruanos\/","title":{"rendered":"Un estudio gen\u00e9tico ofrece una explicaci\u00f3n a la baja estatura de los peruanos"},"content":{"rendered":"\n<p>Con una media de 165,3 cent\u00edmetros para los hombres y 152,9 para las mujeres, los peruanos se encuentran entre los humanos con menor estatura del mundo. En su entorno, los argentinos llegan a 174 y 159, los colombianos a 169 y 156 y los ecuatorianos a 167 y 154. La estatura est\u00e1 determinada principalmente por la herencia gen\u00e9tica, pero hay una gran cantidad de condicionantes medioambientales, como la alimentaci\u00f3n o el acceso a la sanidad, asociadas estrechamente a factores socioecon\u00f3micos, o incluso los microbios que viven en nuestro intestino, que pueden afectar a la altura final. De hecho, la estatura media de los peruanos, como la de casi todos los pa\u00edses de Iberoam\u00e9rica, se ha incrementado en m\u00e1s de diez cent\u00edmetros de media en el \u00faltimo siglo sin haberse producido variaciones gen\u00e9ticas importantes.<\/p>\n\n\n\n<p>Con el fin de comprender las interacciones entre el genoma, el entorno y los rasgos fisiol\u00f3gicos que resultan de ese intercambio, un equipo de varias instituciones estadounidenses y una peruana midieron la estatura y obtuvieron ADN de 3.134 individuos en 1.947 hogares de Lima, la capital de Per\u00fa. Seg\u00fan explican hoy\u00a0en la revista\u00a0<em>Nature<\/em>, en su an\u00e1lisis encontraron la variante gen\u00e9tica con la mayor influencia conocida en la estatura de las personas.<\/p>\n\n\n\n<p>Una versi\u00f3n del gen FBN1 denominada E1297G, importante en el desarrollo embrionario, supon\u00eda por cada copia una reducci\u00f3n de 2,2 cent\u00edmetros. Los individuos que hab\u00edan heredado la variante tanto del padre como de la madre y ten\u00edan dos copias eran, de media, 4,4 cent\u00edmetros m\u00e1s bajos. En otros estudios, las variantes gen\u00e9ticas relacionadas con la estatura m\u00e1s influyentes solo supon\u00edan un cambio de alrededor de un mil\u00edmetro. La variante se encontr\u00f3 exclusivamente en las personas de ascendencia ind\u00edgena, algo que coincide con la observaci\u00f3n habitual de una relaci\u00f3n, una vez controlados otros factores como la pobreza, entre menor estatura media cuanto mayor sea la presencia de genes de nativos americanos entre los habitantes del continente. En Per\u00fa, esa cifra alcanza el 80%.\u201cUna de las ense\u00f1anzas importantes de este estudio es que variantes gen\u00e9ticas en el mismo gen pueden tener efectos diferentes\u201d<\/p>\n\n\n\n<p>Adem\u00e1s, en un an\u00e1lisis m\u00e1s profundo de los resultados los autores observaron que la variante era m\u00e1s frecuente entre las poblaciones de la costa que en los que viven en los Andes o en la regi\u00f3n del Amazonas. En particular, en las poblaciones en torno al valle de Moche, junto al Pac\u00edfico, en el norte del pa\u00eds, estos genes de la baja estatura eran a\u00fan m\u00e1s abundantes. Eso se refleja en una estatura media de 158 cent\u00edmetros para los hombres procedentes de esa zona y 147 cent\u00edmetros para las mujeres, varios cent\u00edmetros por debajo de la media peruana. Los autores del art\u00edculo especulan con la posibilidad de que la variante gen\u00e9tica ofrezca alguna ventaja a quienes viv\u00edan junto a la costa.<\/p>\n\n\n\n<p>\u201cUna de las ense\u00f1anzas importantes de este estudio es que variantes gen\u00e9ticas en el mismo gen pueden tener efectos diferentes\u201d, se\u00f1ala Samira Asgari, investigadora de la Escuela de Medicina de Harvard (EE UU) y primera autora del estudio. \u201cHasta ahora, si le preguntabas a un genetista qu\u00e9 har\u00eda una variante de este gen, probablemente te dir\u00edan que causar una enfermedad. Pero eso no es lo que hemos encontrado\u201d, afirma Asgari. Las mutaciones en el gen FBN1 est\u00e1n asociadas a dolencias como el s\u00edndrome de Marf\u00e1n, que produce un crecimiento descontrolado o problemas card\u00edacos.<\/p>\n\n\n\n<p>\u201cHan tenido suerte al encontrar una variante con un efecto tan grande. En los an\u00e1lisis para mirar variantes asociadas a estatura en europeos se ha estudiado a cientos de miles de personas y solo se han encontrado variantes que cambian la altura en mil\u00edmetros\u201d, apunta \u00d3scar Lao, l\u00edder del grupo de Gen\u00f3mica de Poblaciones en el Centro Nacional de An\u00e1lisis Gen\u00f3mico del Centro de Regulaci\u00f3n Gen\u00f3mica de Barcelona. \u201cDespu\u00e9s de encontrar esa selecci\u00f3n, lo interesante es explicar por qu\u00e9 ha sucedido, qu\u00e9 presiones ambientales pueden hacer incrementar o reducir la estatura\u201d, explica. \u201cAhora, [haciendo estudios con modelos animales] tienen que averiguar si esa prote\u00edna que han identificado realmente modifica la altura o eso es un efecto secundario de otro cambio que ofrece una ventaja. Por ejemplo, puede ser el grosor de la piel, que en un determinado ambiente te puede dar m\u00e1s probabilidades de sobrevivir\u201d, a\u00f1ade.<\/p>\n\n\n\n<p>\u201cEsta variaci\u00f3n gen\u00e9tica no explica totalmente la diferencia entre la poblaci\u00f3n peruana y otras poblaciones de la zona, es una pieza m\u00e1s del rompecabezas\u201d, indica Xavier Estivill, investigador de QGenomics Laboratories, tambi\u00e9n en la provincia de Barcelona. \u201cEste tipo de estudios, con poblaciones que han podido quedar aisladas, como las poblaciones ind\u00edgenas o poblaciones de islas, son muy interesantes para encontrar estas variantes gen\u00e9ticas\u201d, contin\u00faa. \u201cEn Espa\u00f1a, por ejemplo, hemos estado expuestos a muchas m\u00e1s poblaciones y es m\u00e1s dif\u00edcil encontrar esas variantes gen\u00e9ticas con efectos tan fuertes\u201d, contin\u00faa. El estudio que hoy se publica en\u00a0<em>Nature<\/em>\u00a0muestra c\u00f3mo el ser humano se adapta a distintos ambientes y c\u00f3mo factores que en un entorno pueden ser una ventaja, por la mejora del rendimiento card\u00edaco o muscular o de consumo de ox\u00edgeno, no lo son tanto en otro; ense\u00f1a c\u00f3mo entre la salud y la enfermedad hay aspectos de equilibrio.<\/p>\n\n\n\n<p><strong>Fuente:<\/strong> elpa\u00eds<\/p>\n","protected":false},"excerpt":{"rendered":"<p>Con una media de 165,3 cent\u00edmetros para los hombres y 152,9 para las mujeres, los peruanos se encuentran entre los humanos con menor estatura del mundo. En su entorno, los argentinos llegan a 174 y 159, los colombianos a 169 y 156 y los ecuatorianos a 167 y 154. La estatura est\u00e1 determinada principalmente por [&hellip;]<\/p>\n","protected":false},"author":2,"featured_media":79336,"comment_status":"open","ping_status":"open","sticky":false,"template":"","format":"standard","meta":{"footnotes":""},"categories":[64],"tags":[],"class_list":["post-79335","post","type-post","status-publish","format-standard","has-post-thumbnail","hentry","category-varios"],"_links":{"self":[{"href":"http:\/\/elcuartopoder.com.mx\/nw\/wp-json\/wp\/v2\/posts\/79335","targetHints":{"allow":["GET"]}}],"collection":[{"href":"http:\/\/elcuartopoder.com.mx\/nw\/wp-json\/wp\/v2\/posts"}],"about":[{"href":"http:\/\/elcuartopoder.com.mx\/nw\/wp-json\/wp\/v2\/types\/post"}],"author":[{"embeddable":true,"href":"http:\/\/elcuartopoder.com.mx\/nw\/wp-json\/wp\/v2\/users\/2"}],"replies":[{"embeddable":true,"href":"http:\/\/elcuartopoder.com.mx\/nw\/wp-json\/wp\/v2\/comments?post=79335"}],"version-history":[{"count":1,"href":"http:\/\/elcuartopoder.com.mx\/nw\/wp-json\/wp\/v2\/posts\/79335\/revisions"}],"predecessor-version":[{"id":79337,"href":"http:\/\/elcuartopoder.com.mx\/nw\/wp-json\/wp\/v2\/posts\/79335\/revisions\/79337"}],"wp:featuredmedia":[{"embeddable":true,"href":"http:\/\/elcuartopoder.com.mx\/nw\/wp-json\/wp\/v2\/media\/79336"}],"wp:attachment":[{"href":"http:\/\/elcuartopoder.com.mx\/nw\/wp-json\/wp\/v2\/media?parent=79335"}],"wp:term":[{"taxonomy":"category","embeddable":true,"href":"http:\/\/elcuartopoder.com.mx\/nw\/wp-json\/wp\/v2\/categories?post=79335"},{"taxonomy":"post_tag","embeddable":true,"href":"http:\/\/elcuartopoder.com.mx\/nw\/wp-json\/wp\/v2\/tags?post=79335"}],"curies":[{"name":"wp","href":"https:\/\/api.w.org\/{rel}","templated":true}]}}