{"id":79341,"date":"2020-05-14T13:04:21","date_gmt":"2020-05-14T18:04:21","guid":{"rendered":"http:\/\/elcuartopoder.com.mx\/nw\/?p=79341"},"modified":"2020-05-14T13:04:23","modified_gmt":"2020-05-14T18:04:23","slug":"el-supremo-mexicano-impide-la-ampliacion-de-mandato-que-pretendia-un-gobernador","status":"publish","type":"post","link":"http:\/\/elcuartopoder.com.mx\/nw\/politica\/el-supremo-mexicano-impide-la-ampliacion-de-mandato-que-pretendia-un-gobernador\/","title":{"rendered":"El Supremo mexicano impide la ampliaci\u00f3n de mandato que pretend\u00eda un gobernador"},"content":{"rendered":"\n<p>El gobernador de Baja California,\u00a0Jaime Bonilla Valdez, solo estar\u00e1 en el cargo dos a\u00f1os. As\u00ed lo decidi\u00f3 este lunes el Supremo mexicano al determinar que es inconstitucional una reforma local que ampliaba a cinco a\u00f1os el mandato del pol\u00edtico de Morena, el partido del presidente Andr\u00e9s Manuel L\u00f3pez Obrador. En julio pasado,\u00a0el Congreso de Baja California cambi\u00f3 la ley\u00a0a petici\u00f3n del gobernador para ampliar el periodo en el que estar\u00eda en funciones. La nueva legislaci\u00f3n gener\u00f3 un intenso debate en M\u00e9xico donde la reelecci\u00f3n permanece como un tema tab\u00fa desde principios del siglo XX.<\/p>\n\n\n\n<p>Los 11 ministros de la Suprema Corte votaron por unanimidad para suspender la conocida como \u2018Ley Bonilla\u2019 en una sesi\u00f3n que se realiz\u00f3 a trav\u00e9s de videoconferencia, debido a la crisis por el avance de la covid-19. Los magistrados coincidieron en que los funcionarios p\u00fablicos son electos por un determinado lapso de tiempo y que no est\u00e1 en su alcance la decisi\u00f3n de establecer por cu\u00e1nto tiempo. \u201cCuando los ciudadanos votamos no lo hacemos en blanco, lo hacemos por un periodo y cargo espec\u00edfico\u201d, se\u00f1al\u00f3 el ministro Arturo Zald\u00edvar. El Instituto Nacional Electoral (INE) hab\u00eda convocado a las elecciones en 2018 para que el ganador para el cargo de gobernador lo hiciera hasta 2021. Bonilla pidi\u00f3 el cambio en la ley tras ganar los comicios.<\/p>\n\n\n\n<p>Zald\u00edvar fue sumamente cr\u00edtico con el Congreso de Baja California, cuyos integrantes aprobaron la reforma a la ley en julio pasado a puerta cerrada y en total opacidad. \u201cLa legislatura local fragu\u00f3 un gran fraude a la Constituci\u00f3n\u201d, expres\u00f3 el magistrado. Adem\u00e1s, el tambi\u00e9n presidente de la Suprema Corte justific\u00f3 su decisi\u00f3n se\u00f1alando que lo que intent\u00f3 hacer Bonilla y los legisladores locales era violatorio de la Constituci\u00f3n mexicana. \u201cSe pretendi\u00f3 violar la voluntad popular, usando la Constituci\u00f3n para violar la Constituci\u00f3n\u201d, dijo. Por su parte, el ministro Luis Maria Aguilar apunt\u00f3 que permitir la vigencia de esa ley \u201cse convertir\u00eda en una reelecci\u00f3n disfrazada\u201d.<\/p>\n\n\n\n<p>En M\u00e9xico, solo es posible la reelecci\u00f3n por dos periodos para alcaldes y diputados federales desde 2014. Sin embargo, esa posibilidad es vista con desconfianza cuando de trata de esferas de poder m\u00e1s amplias como lo son el cargo de gobernador y presidente de la Rep\u00fablica. \u201cSufragio efectivo, no reelecci\u00f3n\u201d, fue el eslogan de los l\u00edderes que comenzaron la Revoluci\u00f3n Mexicana en 1910 tras la ca\u00edda de la dictadura de Porfirio D\u00edaz, que se mantuvo como presidente m\u00e1s de 30 a\u00f1os. Desde entonces, la reelecci\u00f3n constituye uno de los debates m\u00e1s complejos en la sociedad mexicana y uno de los conceptos que se protegen con m\u00e1s recelo en la Constituci\u00f3n.<\/p>\n\n\n\n<p>El presidente L\u00f3pez Obrador fue, en su momento, ambiguo sobre la decisi\u00f3n del Congreso de Baja California de ampliar el mandato de Bonilla. El empresario fue aupado por L\u00f3pez Obrador para conseguir la gubernatura del Estado con m\u00e1s de tres millones de habitantes. Se conocen desde 2005, cuando L\u00f3pez Obrador era el jefe de Gobierno de la Ciudad de M\u00e9xico. Ante los cuestionamientos por la \u2018Ley Bonilla\u2019 al presidente mexicano no le ha quedado m\u00e1s que reafirmar que \u00e9l no cree en la reelecci\u00f3n y, adem\u00e1s, prometi\u00f3 que no intentar\u00eda ampliar su mandato m\u00e1s all\u00e1 de 2024.<\/p>\n\n\n\n<p><strong>Fuente:<\/strong>&nbsp;elpa\u00eds<br><br><\/p>\n","protected":false},"excerpt":{"rendered":"<p>El gobernador de Baja California,\u00a0Jaime Bonilla Valdez, solo estar\u00e1 en el cargo dos a\u00f1os. As\u00ed lo decidi\u00f3 este lunes el Supremo mexicano al determinar que es inconstitucional una reforma local que ampliaba a cinco a\u00f1os el mandato del pol\u00edtico de Morena, el partido del presidente Andr\u00e9s Manuel L\u00f3pez Obrador. En julio pasado,\u00a0el Congreso de Baja [&hellip;]<\/p>\n","protected":false},"author":2,"featured_media":79342,"comment_status":"open","ping_status":"open","sticky":false,"template":"","format":"standard","meta":{"footnotes":""},"categories":[61],"tags":[],"class_list":["post-79341","post","type-post","status-publish","format-standard","has-post-thumbnail","hentry","category-politica"],"_links":{"self":[{"href":"http:\/\/elcuartopoder.com.mx\/nw\/wp-json\/wp\/v2\/posts\/79341","targetHints":{"allow":["GET"]}}],"collection":[{"href":"http:\/\/elcuartopoder.com.mx\/nw\/wp-json\/wp\/v2\/posts"}],"about":[{"href":"http:\/\/elcuartopoder.com.mx\/nw\/wp-json\/wp\/v2\/types\/post"}],"author":[{"embeddable":true,"href":"http:\/\/elcuartopoder.com.mx\/nw\/wp-json\/wp\/v2\/users\/2"}],"replies":[{"embeddable":true,"href":"http:\/\/elcuartopoder.com.mx\/nw\/wp-json\/wp\/v2\/comments?post=79341"}],"version-history":[{"count":1,"href":"http:\/\/elcuartopoder.com.mx\/nw\/wp-json\/wp\/v2\/posts\/79341\/revisions"}],"predecessor-version":[{"id":79343,"href":"http:\/\/elcuartopoder.com.mx\/nw\/wp-json\/wp\/v2\/posts\/79341\/revisions\/79343"}],"wp:featuredmedia":[{"embeddable":true,"href":"http:\/\/elcuartopoder.com.mx\/nw\/wp-json\/wp\/v2\/media\/79342"}],"wp:attachment":[{"href":"http:\/\/elcuartopoder.com.mx\/nw\/wp-json\/wp\/v2\/media?parent=79341"}],"wp:term":[{"taxonomy":"category","embeddable":true,"href":"http:\/\/elcuartopoder.com.mx\/nw\/wp-json\/wp\/v2\/categories?post=79341"},{"taxonomy":"post_tag","embeddable":true,"href":"http:\/\/elcuartopoder.com.mx\/nw\/wp-json\/wp\/v2\/tags?post=79341"}],"curies":[{"name":"wp","href":"https:\/\/api.w.org\/{rel}","templated":true}]}}