{"id":79344,"date":"2020-05-14T13:10:53","date_gmt":"2020-05-14T18:10:53","guid":{"rendered":"http:\/\/elcuartopoder.com.mx\/nw\/?p=79344"},"modified":"2020-05-14T13:10:55","modified_gmt":"2020-05-14T18:10:55","slug":"al-menos-16-muertos-incluidos-2-bebes-en-un-atentado-contra-la-maternidad-de-un-hospital-de-kabul","status":"publish","type":"post","link":"http:\/\/elcuartopoder.com.mx\/nw\/internacionales\/al-menos-16-muertos-incluidos-2-bebes-en-un-atentado-contra-la-maternidad-de-un-hospital-de-kabul\/","title":{"rendered":"Al menos 16 muertos, incluidos 2 beb\u00e9s, en un atentado contra la maternidad de un hospital de Kabul"},"content":{"rendered":"\n<p>Afganist\u00e1n no lograr librarse de la violencia. Cuando el pacto de Estados Unidos con los talibanes a\u00fan no se ha traducido en un acuerdo de paz interno, dos brutales atentados con la huella del Estado Isl\u00e1mico han dejado este martes cuatro decenas de muertos. En Kabul, tres miembros del grupo irrumpieron en la maternidad de un hospital, gestionada por M\u00e9dicos Sin Fronteras (MSF), donde se atrincheraron durante horas y mataron a 16 personas, incluidos 2 reci\u00e9n nacidos. En la vecina provincia de Nangarhar, al este de la capital, un terrorista suicida se hizo estallar durante el funeral de un polic\u00eda, causando 24 muertos y 67 heridos.<\/p>\n\n\n\n<p>\u201cLos terroristas han atacado hoy el hospital de Barchi (\u2026) y causado 16 m\u00e1rtires, incluidos dos reci\u00e9n nacidos, madres y matronas, a quienes dispararon\u201d, ha declarado Tariq Arian, portavoz del Ministerio del Interior, en un comunicado difundido por Twitter. Otras 15 personas resultaron heridas, entre ellas varios ni\u00f1os. Arian, que calific\u00f3 el ataque de \u201ccrimen contra la humanidad y contra todas las leyes y principios\u201d, tambi\u00e9n ha informado de que las fuerzas de seguridad hab\u00edan dado muerte a los tres atacantes y rescatado a un centenar de pacientes, m\u00e9dicos y otros empleados, incluidos tres extranjeros.<\/p>\n\n\n\n<p>Decenas de personas quedaron atrapadas cuando los militantes del Estado Isl\u00e1mico irrumpieron en el hospital hacia las nueve y media de la ma\u00f1ana (dos horas y media menos en la Espa\u00f1a peninsular). La cl\u00ednica, un centro p\u00fablico que cuenta con un centenar de camas, se encuentra en Dashte-e Barchi, una barriada pobre del oeste de Kabul. Su servicio de maternidad, el \u00fanico de la zona capaz de atender partos complicados, est\u00e1 gestionado por MSF. La organizaci\u00f3n ha confirmado el ataque en un tuit.<\/p>\n\n\n\n<p>El Ministerio del Interior envi\u00f3 una unidad especial antiterrorista que empez\u00f3 a sacar a personas del recinto a la vez que buscaba a los agresores. Los primeros rescatados contaban a los medios afganos que hab\u00edan o\u00eddo disparos y un par de explosiones. \u201cSon terroristas suicidas y est\u00e1n apuntando a la gente\u201d, declaraba un testigo citado por la cadena de televisi\u00f3n afgana ToloTV. De acuerdo con los testimonios recogidos por esa emisora, los tres atacantes vest\u00edan uniformes de las fuerzas de seguridad.<\/p>\n\n\n\n<p>Cinco horas despu\u00e9s, la polic\u00eda daba por concluida la operaci\u00f3n. Sin embargo, el caos y las escenas de dolor a\u00fan se prolongaron con hombres que se amontonaban a las puertas del hospital en busca de noticias de sus mujeres. Intentaban averiguar si hab\u00edan dado a luz y si estaban entre las heridas o entre las muertas. Un v\u00eddeo grabado por un periodista local mostraba el momento en que un empleado del centro le\u00eda los nombres de una docena de mujeres cuyos hijos hab\u00edan sido evacuados. A la pregunta de qu\u00e9 hab\u00eda pasado con las madres, respond\u00eda: \u201cNo s\u00e9 qu\u00e9 ha sido de ellas. Yo mismo he ayudado a meter a 15 madres en bolsas para cad\u00e1veres\u201d.<\/p>\n\n\n\n<p>A media ma\u00f1ana, con los afganos pendientes del ataque al hospital de Kabul, un suicida hac\u00eda estallar su chaleco explosivo en medio del funeral por Sheij Akram, un jefe policial muerto la v\u00edspera de un ataque al coraz\u00f3n, en Kuz Kunar, una localidad de la provincia de Nangarhar a 170 kil\u00f3metros de la capital afgana. Caus\u00f3 24 muertos, seg\u00fan la oficina del gobernador, que advirti\u00f3 de la gravedad de varios de los 68 heridos. Dada la presencia de autoridades, el objetivo resultaba evidente. De hecho, entre las v\u00edctimas mortales hay un miembro de la asamblea provincial y un diputado de la C\u00e1mara Baja result\u00f3 herido.<\/p>\n\n\n\n<p>El Estado Isl\u00e1mico, responsable de los \u00faltimos atentados que han tenido lugar en la capital y que ya ha atacado hospitales con anterioridad, se ha atribuido a \u00faltima hora de la noche el ataque de Nangarhar. Un portavoz talib\u00e1n se ha apresurado a condenar el atentado contra el funeral y tras la firma del acuerdo con Estados Unidos, el grupo dice evitar los objetivos civiles y limitar sus ataques a las fuerzas de seguridad.<\/p>\n\n\n\n<p>Pero no todo el mundo parece convencido. Hamdullah Mohib, consejero de seguridad nacional, ha dado a entender en un tuit que ambos grupos est\u00e1n vinculados y hacen el trabajo sucio a Pakist\u00e1n, el vecino al que el Gobierno afgano acusa de respaldar a los insurgentes. \u201cSi los talibanes no pueden controlar la violencia o sus patrocinadores han subcontratado ahora a otras entidades, lo que fue desde el principio una de nuestras principales preocupaciones, no tiene sentido mantener las conversaciones de paz con ellos\u201d, afirma.<\/p>\n\n\n\n<p>La franquicia local del Estado Isl\u00e1mico, conocida como Estado Isl\u00e1mico Khorasan, apareci\u00f3 por primera vez en el este de Afganist\u00e1n hacia 2014. Desde entonces ha combatido tanto a las fuerzas gubernamentales y extranjeras como a los talibanes. En los \u00faltimos d\u00edas, el Gobierno de Kabul ha logrado infligir varios golpes al grupo Estado Isl\u00e1mico. El lunes, anunci\u00f3 la detenci\u00f3n de tres destacados cabecillas, incluido su l\u00edder para el Sur y el Este de Asia y, la semana pasada, sus fuerzas detuvieron o mataron a varios miembros de una c\u00e9lula a la que las autoridades acusan de varios atentados, incluido el que perpetraron contra un templo sij en marzo.<\/p>\n\n\n\n<p><strong>Fuente:<\/strong> elpa\u00eds<\/p>\n","protected":false},"excerpt":{"rendered":"<p>Afganist\u00e1n no lograr librarse de la violencia. Cuando el pacto de Estados Unidos con los talibanes a\u00fan no se ha traducido en un acuerdo de paz interno, dos brutales atentados con la huella del Estado Isl\u00e1mico han dejado este martes cuatro decenas de muertos. En Kabul, tres miembros del grupo irrumpieron en la maternidad de [&hellip;]<\/p>\n","protected":false},"author":2,"featured_media":79345,"comment_status":"open","ping_status":"open","sticky":false,"template":"","format":"standard","meta":{"footnotes":""},"categories":[8],"tags":[],"class_list":["post-79344","post","type-post","status-publish","format-standard","has-post-thumbnail","hentry","category-internacionales"],"_links":{"self":[{"href":"http:\/\/elcuartopoder.com.mx\/nw\/wp-json\/wp\/v2\/posts\/79344","targetHints":{"allow":["GET"]}}],"collection":[{"href":"http:\/\/elcuartopoder.com.mx\/nw\/wp-json\/wp\/v2\/posts"}],"about":[{"href":"http:\/\/elcuartopoder.com.mx\/nw\/wp-json\/wp\/v2\/types\/post"}],"author":[{"embeddable":true,"href":"http:\/\/elcuartopoder.com.mx\/nw\/wp-json\/wp\/v2\/users\/2"}],"replies":[{"embeddable":true,"href":"http:\/\/elcuartopoder.com.mx\/nw\/wp-json\/wp\/v2\/comments?post=79344"}],"version-history":[{"count":1,"href":"http:\/\/elcuartopoder.com.mx\/nw\/wp-json\/wp\/v2\/posts\/79344\/revisions"}],"predecessor-version":[{"id":79346,"href":"http:\/\/elcuartopoder.com.mx\/nw\/wp-json\/wp\/v2\/posts\/79344\/revisions\/79346"}],"wp:featuredmedia":[{"embeddable":true,"href":"http:\/\/elcuartopoder.com.mx\/nw\/wp-json\/wp\/v2\/media\/79345"}],"wp:attachment":[{"href":"http:\/\/elcuartopoder.com.mx\/nw\/wp-json\/wp\/v2\/media?parent=79344"}],"wp:term":[{"taxonomy":"category","embeddable":true,"href":"http:\/\/elcuartopoder.com.mx\/nw\/wp-json\/wp\/v2\/categories?post=79344"},{"taxonomy":"post_tag","embeddable":true,"href":"http:\/\/elcuartopoder.com.mx\/nw\/wp-json\/wp\/v2\/tags?post=79344"}],"curies":[{"name":"wp","href":"https:\/\/api.w.org\/{rel}","templated":true}]}}