{"id":80013,"date":"2020-06-04T12:12:24","date_gmt":"2020-06-04T17:12:24","guid":{"rendered":"http:\/\/elcuartopoder.com.mx\/nw\/?p=80013"},"modified":"2020-06-04T12:12:27","modified_gmt":"2020-06-04T17:12:27","slug":"lluvias-afectan-a-habitantes-viviendas-cultivos-y-animales-de-traspatio","status":"publish","type":"post","link":"http:\/\/elcuartopoder.com.mx\/nw\/municipales\/lluvias-afectan-a-habitantes-viviendas-cultivos-y-animales-de-traspatio\/","title":{"rendered":"Lluvias afectan a habitantes, viviendas, cultivos y animales de traspatio"},"content":{"rendered":"\n<p>En cuesti\u00f3n de horas, el agua subi\u00f3 hasta dos metros&nbsp;<strong>dejando visible \u00fanicamente el techo de viviendas construidas con guano<\/strong>. Adem\u00e1s de los cultivos de ma\u00edz, frijol, pl\u00e1tano y calabaza, que quedaron varios metros bajo el agua, la creciente arras\u00f3 con gallinas, pavos, cerdos y dem\u00e1s animales de traspatio.<\/p>\n\n\n\n<p>Es el panorama en La Uni\u00f3n, un pueblo enclavado en la frontera entre M\u00e9xico y Belice, despu\u00e9s del paso de los remanentes de la tormenta tropical \u201cAmanda\u201d, que trajo consigo torrenciales lluvias.<\/p>\n\n\n\n<p>Don Merulo Pacheco Hern\u00e1ndez, de 86 a\u00f1os, narra que lleg\u00f3 a la Uni\u00f3n hace 40 a\u00f1os y adquiri\u00f3 un terreno cerca del r\u00edo Hondo, frontera natural,&nbsp;<strong>pues nunca pens\u00f3 que con el tiempo padecer\u00eda en cada temporada de lluvias<\/strong>.<\/p>\n\n\n\n<figure class=\"wp-block-image\"><a href=\"https:\/\/images.sipse.com\/qdHfOqaF03KT83XACH1vJ0rtizA=\/fit-in\/900x500\/2020\/06\/03\/1591223960766.jpg\"><img decoding=\"async\" src=\"https:\/\/images.sipse.com\/IXO9BzFxUbgNAKOmSn-P_pFJU9M=\/fit-in\/580x500\/2020\/06\/03\/1591223960766.jpg\" alt=\"\"\/><\/a><\/figure>\n\n\n\n<p>Mientras la madrugada del lunes 1 de junio, se cuidaba del agua que se filtraba por su techo, no se percat\u00f3 que el nivel del agua comenz\u00f3 a avanzar, convirtiendo sus 30 metros de patio en parte del R\u00edo Hondo.<br>Y aunque se ha acostumbrado a vivir con ese riesgo, ahora teme por la integridad de sus cuatro nietos.<\/p>\n\n\n\n<p>\u201cYa vamos tres d\u00edas de lluvias, cada que amanece el gua avanza m\u00e1s a nuestro patio ahora ya no podemos salir al ba\u00f1o porque est\u00e1 a punto de quedar bajo el agua, mucho menos en la noche que hay temor de que un lagarto ataque a mis nietos\u201d.<\/p>\n\n\n\n<p>El problema, relata, no es lo que se lleva la creciente sino lo que trae a sus casas, pues al entrar el agua a las viviendas&nbsp;<strong>deja acceso libre a serpientes y lagartos<\/strong>, que primero acaban con los animales de traspatio para convertirse despu\u00e9s en una amenaza para sus vidas.<\/p>\n\n\n\n<figure class=\"wp-block-image\"><a href=\"https:\/\/images.sipse.com\/hYc2Rs9SvLcjEewoduzuwlIHDs4=\/fit-in\/900x500\/2020\/06\/03\/1591223961567.jpg\"><img decoding=\"async\" src=\"https:\/\/images.sipse.com\/ALsjozHCrvscfxTahh5onxeJLSw=\/fit-in\/580x500\/2020\/06\/03\/1591223961567.jpg\" alt=\"\"\/><\/a><\/figure>\n\n\n\n<p>\u201cYa sufrimos inundaci\u00f3n en el 2000, luego en el 2008, y ahora en el 2020, y cada vez que pasa, solo vienen las autoridades, toman una foto y no regresan hasta que se vuelve a inundar\u201d, denunci\u00f3 el anciano que vive con su esposa y sus nietos, en una casa de tablas alcanzada por la inundaci\u00f3n.<\/p>\n\n\n\n<p><strong>La situaci\u00f3n los ha dejado sin muebles y electrodom\u00e9sticos<\/strong>, por lo que a la fecha viven en condiciones precarias, cocinando en un fog\u00f3n de le\u00f1a y durmiendo en camas de palos y bloques, guardando su ropa en bolsas y cajas.<\/p>\n\n\n\n<p>Junto con su esposa de 69 a\u00f1os, trabajan la agricultura, y con la sequ\u00eda que estaba antes de las lluvias, estaban padeciendo hambre y ahora con las lluvias se perdi\u00f3 la siembra de ma\u00edz y las pocas gallinas que ten\u00edan se las llevo la creciente.<\/p>\n\n\n\n<p>Triste por el abandono de las autoridades denunci\u00f3 que desde hace 20 a\u00f1os que sufren de inundaciones,&nbsp;<strong>pero poco ha han hecho las autoridades para reubicar la comunidad a la zona alta<\/strong>.<\/p>\n\n\n\n<p>Juan Cruz, otro habitante de lugar, afirma que junto con su esposa e hija, ya prepararon sus maletas para en cualquier momento, refugiarse en las iglesia cat\u00f3lica, ya que es cuesti\u00f3n de tiempo que el agua entre a su vivienda.<\/p>\n\n\n\n<figure class=\"wp-block-image\"><a href=\"https:\/\/images.sipse.com\/EVIhpQ0UNvOUg46JPDJnb4egaxM=\/fit-in\/900x500\/2020\/06\/03\/1591223961870.jpg\"><img decoding=\"async\" src=\"https:\/\/images.sipse.com\/nDlbuWFsmNI5ldFyLbhBb-YRZAI=\/fit-in\/580x500\/2020\/06\/03\/1591223961870.jpg\" alt=\"\"\/><\/a><\/figure>\n\n\n\n<p>Sin embargo la abandonar\u00e1 en el \u00faltimo momento, pues hay temor de que amantes de lo ajeno, lleguen y se roben las pocas pertenencias de valor que se queden en la casa.<\/p>\n\n\n\n<p><strong>En la comunidad de La Uni\u00f3n viven al menos 200 familias<\/strong>, la mitad tendr\u00e1 que abandonar sus viviendas en las pr\u00f3ximas horas debido a que las lluvias no han cesado y el nivel del R\u00edo Hondo, sigue aumentando.<\/p>\n\n\n\n<p>Seg\u00fan la Delegada de la Comunidad, Eva Mar\u00eda Hern\u00e1ndez Caba\u00f1as, el R\u00edo Hondo se ha desbordado y en algunas zonas se ha extendido a las orillas hasta cien metros, ganando cada vez m\u00e1s terreno a la zona habitable.<\/p>\n\n\n\n<p>El problema, es que no existe un refugio. La escuela primaria que debe cumplir con esa funci\u00f3n tambi\u00e9n se encuentra en zona de riesgo.<\/p>\n\n\n\n<p>El llamado de los habitantes es que las autoridades retomen el proyecto de reubicaci\u00f3n, en la parte alta, adem\u00e1s de rehabilitar un edificio en la misma zona, que fue construido y abandonado desde hace m\u00e1s de diez a\u00f1os.<\/p>\n\n\n\n<p>El crecimiento del caudal del R\u00edo Hondo ocurre cada vez que se registran intensas lluvias en la zona sur de Quintana Roo, aunque no siempre pone en riesgo de inundaci\u00f3n. El crecimiento se vuelve un problema cuando las lluvias tambi\u00e9n atacan estados como Campeche y Tabasco, adem\u00e1s de pa\u00edses como Belice y Guatemala, porque los escurrimientos desembocan en el r\u00edo.<\/p>\n\n\n\n<p>En esta ocasi\u00f3n,\u00a0<strong>una preocupaci\u00f3n m\u00e1s se suma a la incertidumbre en el sur<\/strong>\u00a0y es el hecho de que si contin\u00faan las lluvias de lado belice\u00f1o, espec\u00edficamente en la aldea de San Felipe donde se encuentra la presa \u00abel Bravo\u00bb, porque la situaci\u00f3n provocar\u00eda que abra sus compuertas y duplique el nivel de la creciente del R\u00edo Hondo, que a la fecha casi alcanza los seis metros.<\/p>\n\n\n\n<p><strong>Fuente:<\/strong> SIPSE<\/p>\n","protected":false},"excerpt":{"rendered":"<p>En cuesti\u00f3n de horas, el agua subi\u00f3 hasta dos metros&nbsp;dejando visible \u00fanicamente el techo de viviendas construidas con guano. Adem\u00e1s de los cultivos de ma\u00edz, frijol, pl\u00e1tano y calabaza, que quedaron varios metros bajo el agua, la creciente arras\u00f3 con gallinas, pavos, cerdos y dem\u00e1s animales de traspatio. Es el panorama en La Uni\u00f3n, un [&hellip;]<\/p>\n","protected":false},"author":2,"featured_media":80014,"comment_status":"open","ping_status":"open","sticky":false,"template":"","format":"standard","meta":{"footnotes":""},"categories":[6],"tags":[],"class_list":["post-80013","post","type-post","status-publish","format-standard","has-post-thumbnail","hentry","category-municipales"],"_links":{"self":[{"href":"http:\/\/elcuartopoder.com.mx\/nw\/wp-json\/wp\/v2\/posts\/80013","targetHints":{"allow":["GET"]}}],"collection":[{"href":"http:\/\/elcuartopoder.com.mx\/nw\/wp-json\/wp\/v2\/posts"}],"about":[{"href":"http:\/\/elcuartopoder.com.mx\/nw\/wp-json\/wp\/v2\/types\/post"}],"author":[{"embeddable":true,"href":"http:\/\/elcuartopoder.com.mx\/nw\/wp-json\/wp\/v2\/users\/2"}],"replies":[{"embeddable":true,"href":"http:\/\/elcuartopoder.com.mx\/nw\/wp-json\/wp\/v2\/comments?post=80013"}],"version-history":[{"count":1,"href":"http:\/\/elcuartopoder.com.mx\/nw\/wp-json\/wp\/v2\/posts\/80013\/revisions"}],"predecessor-version":[{"id":80015,"href":"http:\/\/elcuartopoder.com.mx\/nw\/wp-json\/wp\/v2\/posts\/80013\/revisions\/80015"}],"wp:featuredmedia":[{"embeddable":true,"href":"http:\/\/elcuartopoder.com.mx\/nw\/wp-json\/wp\/v2\/media\/80014"}],"wp:attachment":[{"href":"http:\/\/elcuartopoder.com.mx\/nw\/wp-json\/wp\/v2\/media?parent=80013"}],"wp:term":[{"taxonomy":"category","embeddable":true,"href":"http:\/\/elcuartopoder.com.mx\/nw\/wp-json\/wp\/v2\/categories?post=80013"},{"taxonomy":"post_tag","embeddable":true,"href":"http:\/\/elcuartopoder.com.mx\/nw\/wp-json\/wp\/v2\/tags?post=80013"}],"curies":[{"name":"wp","href":"https:\/\/api.w.org\/{rel}","templated":true}]}}