{"id":80016,"date":"2020-06-04T12:16:29","date_gmt":"2020-06-04T17:16:29","guid":{"rendered":"http:\/\/elcuartopoder.com.mx\/nw\/?p=80016"},"modified":"2020-06-04T12:16:32","modified_gmt":"2020-06-04T17:16:32","slug":"bancadas-del-prd-y-pes-desaparecen-en-el-senado","status":"publish","type":"post","link":"http:\/\/elcuartopoder.com.mx\/nw\/politica\/bancadas-del-prd-y-pes-desaparecen-en-el-senado\/","title":{"rendered":"Bancadas del PRD y PES desaparecen en el Senado"},"content":{"rendered":"\n<p>Ciudad de M\u00e9xico.- La Mesa Directiva de la Comisi\u00f3n Permanente inform\u00f3 de la&nbsp;<strong>desaparici\u00f3n de las bancadas del Partido de la Revoluci\u00f3n Democr\u00e1tica (PRD) y del Partido Encuentro Social (PES)<\/strong>&nbsp;en el Senado de la Rep\u00fablica por tener menos de cinco miembros, tal y como lo indica el reglamento de la C\u00e1mara alta.<\/p>\n\n\n\n<p>Desde hace varios meses, la bancada del PES, aliada de Morena, qued\u00f3 con cuatro elementos mientras que la del PRD con tres.<\/p>\n\n\n\n<p>El anuncio&nbsp;<strong>se formul\u00f3 en el ep\u00edlogo de la sesi\u00f3n de este mi\u00e9rcoles<\/strong>.<\/p>\n\n\n\n<p>En el caso de la bancada del sol azteca, el presidente de la Junta de Coordinaci\u00f3n Pol\u00edtica, Ricardo Monreal, hab\u00eda llegado a un acuerdo pol\u00edtico con su coordinador, Miguel \u00c1ngel Mancera, para que el grupo permaneciera con sus tres elementos: Mancera, Juan Manuel F\u00f3cil y Antonio Conejo.<\/p>\n\n\n\n<p>El senador Rogelio Israel Zamora Guzm\u00e1n, que pertenec\u00eda al PRD,&nbsp;<strong>se incorpor\u00f3 a la bancada del Verde Ecologista<\/strong>, lo mismo en el caso de Mar\u00eda Leonor Noyolo Cervantes; por lo que la bancada qued\u00f3 con tres miembros.<\/p>\n\n\n\n<p>La senadora Mar\u00eda Antonieta C\u00e1rdenas Mariscal, que pertenec\u00eda al PES,&nbsp;<strong>abandon\u00f3 al partido y se integr\u00f3 a Morena<\/strong>, por lo que Encuentro Social se qued\u00f3 con cuatro elementos.<\/p>\n\n\n\n<p>\u00abEl art\u00edculo 72, numeral 1 de la Ley Org\u00e1nica del Congreso General,&nbsp;<strong>dispone que los grupos parlamentarios estar\u00e1n constituidos por un m\u00ednimo de cinco senadores<\/strong>; por su parte el art\u00edculo 28, numeral 1, dispone que los grupos parlamentarios que no tengan el m\u00ednimo de integrantes que establece la ley, se considerar\u00e1n disueltos para todos los efectos legales\u00bb, comunic\u00f3 la Mesa Directiva.<\/p>\n\n\n\n<p>Afirm\u00f3 que se tom\u00f3 la decisi\u00f3n al no recibir alguna comunicaci\u00f3n que permitiera al PES y PRD sumar m\u00e1s legisladores.<\/p>\n\n\n\n<p>\u00abFinaliz\u00f3 el segundo periodo de sesiones ordinarias\u00a0<strong>sin que esta presidencia haya recibido alguna comunicaci\u00f3n que permitiera subsanar lo anterior.<\/strong>\u00a0En consecuencia, tomando en consideraci\u00f3n que como presidenta del Senado, tengo la obligaci\u00f3n y responsabilidad de actuar en un marco de legalidad (&#8230;), notifico a ustedes que ha quedado disueltos el grupo parlamentario del Partido de la Revoluci\u00f3n Democr\u00e1tica y del partido Encuentro Social\u00bb, expuso.<\/p>\n\n\n\n<p><strong>Fuente:<\/strong> SIPSE<\/p>\n","protected":false},"excerpt":{"rendered":"<p>Ciudad de M\u00e9xico.- La Mesa Directiva de la Comisi\u00f3n Permanente inform\u00f3 de la&nbsp;desaparici\u00f3n de las bancadas del Partido de la Revoluci\u00f3n Democr\u00e1tica (PRD) y del Partido Encuentro Social (PES)&nbsp;en el Senado de la Rep\u00fablica por tener menos de cinco miembros, tal y como lo indica el reglamento de la C\u00e1mara alta. Desde hace varios meses, [&hellip;]<\/p>\n","protected":false},"author":2,"featured_media":80017,"comment_status":"open","ping_status":"open","sticky":false,"template":"","format":"standard","meta":{"footnotes":""},"categories":[61],"tags":[],"class_list":["post-80016","post","type-post","status-publish","format-standard","has-post-thumbnail","hentry","category-politica"],"_links":{"self":[{"href":"http:\/\/elcuartopoder.com.mx\/nw\/wp-json\/wp\/v2\/posts\/80016","targetHints":{"allow":["GET"]}}],"collection":[{"href":"http:\/\/elcuartopoder.com.mx\/nw\/wp-json\/wp\/v2\/posts"}],"about":[{"href":"http:\/\/elcuartopoder.com.mx\/nw\/wp-json\/wp\/v2\/types\/post"}],"author":[{"embeddable":true,"href":"http:\/\/elcuartopoder.com.mx\/nw\/wp-json\/wp\/v2\/users\/2"}],"replies":[{"embeddable":true,"href":"http:\/\/elcuartopoder.com.mx\/nw\/wp-json\/wp\/v2\/comments?post=80016"}],"version-history":[{"count":1,"href":"http:\/\/elcuartopoder.com.mx\/nw\/wp-json\/wp\/v2\/posts\/80016\/revisions"}],"predecessor-version":[{"id":80018,"href":"http:\/\/elcuartopoder.com.mx\/nw\/wp-json\/wp\/v2\/posts\/80016\/revisions\/80018"}],"wp:featuredmedia":[{"embeddable":true,"href":"http:\/\/elcuartopoder.com.mx\/nw\/wp-json\/wp\/v2\/media\/80017"}],"wp:attachment":[{"href":"http:\/\/elcuartopoder.com.mx\/nw\/wp-json\/wp\/v2\/media?parent=80016"}],"wp:term":[{"taxonomy":"category","embeddable":true,"href":"http:\/\/elcuartopoder.com.mx\/nw\/wp-json\/wp\/v2\/categories?post=80016"},{"taxonomy":"post_tag","embeddable":true,"href":"http:\/\/elcuartopoder.com.mx\/nw\/wp-json\/wp\/v2\/tags?post=80016"}],"curies":[{"name":"wp","href":"https:\/\/api.w.org\/{rel}","templated":true}]}}