{"id":80039,"date":"2020-06-05T12:25:40","date_gmt":"2020-06-05T17:25:40","guid":{"rendered":"http:\/\/elcuartopoder.com.mx\/nw\/?p=80039"},"modified":"2020-06-05T12:25:43","modified_gmt":"2020-06-05T17:25:43","slug":"resolucion-del-tribunal-no-impide-extradicion-de-karime-macias","status":"publish","type":"post","link":"http:\/\/elcuartopoder.com.mx\/nw\/politica\/resolucion-del-tribunal-no-impide-extradicion-de-karime-macias\/","title":{"rendered":"Resoluci\u00f3n del Tribunal no impide extradici\u00f3n de Karime Mac\u00edas"},"content":{"rendered":"\n<p><em>Ciudad de M\u00e9xico<\/em>. El Cuarto Tribunal Colegiado en Materia Penal, con sede en la Ciudad de M\u00e9xico, respondi\u00f3 a un recurso de queja promovido por la Fiscal\u00eda General de la Rep\u00fablica (FGR), y aclar\u00f3 que la suspensi\u00f3n otorgada en d\u00edas pasados a Karime Mac\u00edas Tubilla, no tiene el alcance de evitar su extradici\u00f3n desde el Reino Unido, donde se encuentra actualmente la ex esposa de Javier Duarte, quien fuera gobernador de Veracruz.<\/p>\n\n\n\n<p>En su resoluci\u00f3n, el colegiado explica que, como Macia Tubilla no impugn\u00f3 en primera instancia su posible extradici\u00f3n, este tema no fue motivo de ning\u00fan pronunciamiento, ni en el juzgado de distrito donde se recibi\u00f3 la demanda, ni en el tribunal que la revis\u00f3: \u201cbajo ninguna circunstancia el juez de distrito se pronunci\u00f3 al respecto, ni mucho menos puso l\u00edmite alguno a un procedimiento de extradici\u00f3n extranjero y menos a\u00fan, al procedimiento que la quejosa enfrente en Inglaterra, pues como ella misma lo afirma en la demanda de amparo, ese procedimiento no es el acto reclamado.\u201d<\/p>\n\n\n\n<p>As\u00ed, los efectos de la suspensi\u00f3n ganada hace unos d\u00edas por Karime Mac\u00edas son solo para que, ante la eventualidad de que sea llevada a la justicia mexicana, no pueda ser entregada a las autoridades de un tercer pa\u00eds.<\/p>\n\n\n\n<p>La ex esposa de Javier Duarte tambi\u00e9n reclamaba en su amparo que supuestamente la FGR habr\u00eda requerido informaci\u00f3n a la fiscal\u00eda de Veracruz para sustentar una segunda solicitud de extradici\u00f3n en su contra, a lo que el colegiado se\u00f1ala que este tema no puede ser impugnado por esta v\u00eda: \u201cal margen de lo correcto o incorrecto, no corresponde repararlo o confirmarlo a este Tribunal Colegiado al resolver este recurso de queja, m\u00e1xime que fue interpuesto por la autoridad responsable, y la parte quejosa, a quien pudo perjudicar tal decisi\u00f3n del juez, no vino al&nbsp;recurso Por tanto, la litis suspensional fijada por el juez de Distrito queda firme.\u201d<\/p>\n\n\n\n<p>Con la resoluci\u00f3n de este recurso de queja, el gobierno de M\u00e9xico, mediante su canciller\u00eda, puede continuar con el tr\u00e1mite para conseguir la extradici\u00f3n de Karime Mac\u00edas, para que enfrente los cargos por el presunto desv\u00edo de 112 millones de pesos del erario de Veracruz.<\/p>\n\n\n\n<p><em>Esta nota debi\u00f3 publicarse en la edici\u00f3n impresa de hoy pero por un error se omiti\u00f3. La nota est\u00e1 ligada a la carta que el vocero de la Fiscalia envi\u00f3 a este peri\u00f3dico y conlleva una respuesta en forma de N. de la R. Ofrecemos disculpas a nuestros lectores.<\/em><\/p>\n\n\n\n<p><strong>Fuente: <\/strong>jornada<\/p>\n","protected":false},"excerpt":{"rendered":"<p>Ciudad de M\u00e9xico. El Cuarto Tribunal Colegiado en Materia Penal, con sede en la Ciudad de M\u00e9xico, respondi\u00f3 a un recurso de queja promovido por la Fiscal\u00eda General de la Rep\u00fablica (FGR), y aclar\u00f3 que la suspensi\u00f3n otorgada en d\u00edas pasados a Karime Mac\u00edas Tubilla, no tiene el alcance de evitar su extradici\u00f3n desde el [&hellip;]<\/p>\n","protected":false},"author":2,"featured_media":80040,"comment_status":"open","ping_status":"open","sticky":false,"template":"","format":"standard","meta":{"footnotes":""},"categories":[61],"tags":[],"class_list":["post-80039","post","type-post","status-publish","format-standard","has-post-thumbnail","hentry","category-politica"],"_links":{"self":[{"href":"http:\/\/elcuartopoder.com.mx\/nw\/wp-json\/wp\/v2\/posts\/80039","targetHints":{"allow":["GET"]}}],"collection":[{"href":"http:\/\/elcuartopoder.com.mx\/nw\/wp-json\/wp\/v2\/posts"}],"about":[{"href":"http:\/\/elcuartopoder.com.mx\/nw\/wp-json\/wp\/v2\/types\/post"}],"author":[{"embeddable":true,"href":"http:\/\/elcuartopoder.com.mx\/nw\/wp-json\/wp\/v2\/users\/2"}],"replies":[{"embeddable":true,"href":"http:\/\/elcuartopoder.com.mx\/nw\/wp-json\/wp\/v2\/comments?post=80039"}],"version-history":[{"count":1,"href":"http:\/\/elcuartopoder.com.mx\/nw\/wp-json\/wp\/v2\/posts\/80039\/revisions"}],"predecessor-version":[{"id":80041,"href":"http:\/\/elcuartopoder.com.mx\/nw\/wp-json\/wp\/v2\/posts\/80039\/revisions\/80041"}],"wp:featuredmedia":[{"embeddable":true,"href":"http:\/\/elcuartopoder.com.mx\/nw\/wp-json\/wp\/v2\/media\/80040"}],"wp:attachment":[{"href":"http:\/\/elcuartopoder.com.mx\/nw\/wp-json\/wp\/v2\/media?parent=80039"}],"wp:term":[{"taxonomy":"category","embeddable":true,"href":"http:\/\/elcuartopoder.com.mx\/nw\/wp-json\/wp\/v2\/categories?post=80039"},{"taxonomy":"post_tag","embeddable":true,"href":"http:\/\/elcuartopoder.com.mx\/nw\/wp-json\/wp\/v2\/tags?post=80039"}],"curies":[{"name":"wp","href":"https:\/\/api.w.org\/{rel}","templated":true}]}}