{"id":80070,"date":"2020-06-06T14:05:18","date_gmt":"2020-06-06T19:05:18","guid":{"rendered":"http:\/\/elcuartopoder.com.mx\/nw\/?p=80070"},"modified":"2020-06-06T14:05:21","modified_gmt":"2020-06-06T19:05:21","slug":"detenido-por-someter-a-mutilacion-genital-a-sus-tres-hijas-menores-con-la-excusa-de-vacunarlas-del-covid-19","status":"publish","type":"post","link":"http:\/\/elcuartopoder.com.mx\/nw\/varios\/detenido-por-someter-a-mutilacion-genital-a-sus-tres-hijas-menores-con-la-excusa-de-vacunarlas-del-covid-19\/","title":{"rendered":"Detenido por someter a mutilaci\u00f3n genital a sus tres hijas menores con la excusa de vacunarlas del Covid-19"},"content":{"rendered":"\n<p>La Fiscal\u00eda egipcia ha ordenado procesar a un m\u00e9dico y a un padre\u00a0por someter a\u00a0<strong>las tres hijas de este a mutilaci\u00f3n genital femenina<\/strong>\u00a0tras llevarlas a una cl\u00ednica bajo el enga\u00f1o de que las iba a vacunar contra el coronavirus.<\/p>\n\n\n\n<p>Las ni\u00f1as, todas menores de 18 a\u00f1os,\u00a0informaron a su madre\u00a0<strong>-divorciada del padre<\/strong>&#8211; de la situaci\u00f3n y la mujer puso el incidente en conocimiento de las autoridades, seg\u00fan indica el Ministerio Fiscal en un comunicado.<\/p>\n\n\n\n<p>Las investigaciones policiales y el informe del m\u00e9dico forense confirmaron lo ocurrido, organizado de antemano con enga\u00f1o. El padre de las v\u00edctimas y el facultativo han sido acusados por la mutilaci\u00f3n y por ponerse de acuerdo para cometer el delito, seg\u00fan la Fiscal\u00eda, que ha subrayado su intenci\u00f3n de abordar estos cr\u00edmenes y <strong>la necesidad de agravar el castigo si su autor es m\u00e9dico.<\/strong><\/p>\n\n\n\n<h3 class=\"wp-block-heading\">M\u00e1s del 90% de las egipcias sufren ablaci\u00f3n<\/h3>\n\n\n\n<p>M\u00e1s de un 90% de las mujeres casadas de entre 15 y 49 a\u00f1os han sido sometidas a mutilaci\u00f3n genital en Egipto, seg\u00fan datos de la ONU que apuntan que<strong>&nbsp;el pa\u00eds lidera las estad\u00edsticas en Oriente Medio sobre esta brutal pr\u00e1ctica<\/strong>. El 82% de las mujeres que han sufrido este procedimiento, castigado penalmente en Egipto, fueron operadas en un centro cl\u00ednico, una tendencia al alza en el pa\u00eds, seg\u00fan un informe de su Ministerio de Salud publicado en 2014.<\/p>\n\n\n\n<p>A pesar de que el Gobierno egipcio prohibi\u00f3 las ablaciones en 2008 y\u00a0<strong>en 2016 las tipific\u00f3 como delito penal,<\/strong> su pr\u00e1ctica contin\u00faa extendida en \u00e1reas rurales, donde se llega a realizar con instrumentos rudimentarios y no esterilizados, como cuchillas de afeitar.<\/p>\n\n\n\n<p>El pasado mes de febrero,<strong>\u00a0una ni\u00f1a de 12 a\u00f1os muri\u00f3\u00a0<\/strong>tras ser sometida a\u00a0mutilaci\u00f3n genital por un m\u00e9dico que se encuentra en libertad,\u00a0seg\u00fan denuncian desde la Fundaci\u00f3n Los Cinco, dedicada a la lucha contra esta lacra. En 2013, otra ni\u00f1a de 13 a\u00f1os muri\u00f3 en una situaci\u00f3n similar, un caso que se volvi\u00f3 emblem\u00e1tico porque supuso la primera condena de un m\u00e9dico por practicar la mutilaci\u00f3n.<\/p>\n\n\n\n<p><strong>Fuente:<\/strong>&nbsp;ABC<br><\/p>\n","protected":false},"excerpt":{"rendered":"<p>La Fiscal\u00eda egipcia ha ordenado procesar a un m\u00e9dico y a un padre\u00a0por someter a\u00a0las tres hijas de este a mutilaci\u00f3n genital femenina\u00a0tras llevarlas a una cl\u00ednica bajo el enga\u00f1o de que las iba a vacunar contra el coronavirus. Las ni\u00f1as, todas menores de 18 a\u00f1os,\u00a0informaron a su madre\u00a0-divorciada del padre&#8211; de la situaci\u00f3n y [&hellip;]<\/p>\n","protected":false},"author":2,"featured_media":80071,"comment_status":"open","ping_status":"open","sticky":false,"template":"","format":"standard","meta":{"footnotes":""},"categories":[64],"tags":[],"class_list":["post-80070","post","type-post","status-publish","format-standard","has-post-thumbnail","hentry","category-varios"],"_links":{"self":[{"href":"http:\/\/elcuartopoder.com.mx\/nw\/wp-json\/wp\/v2\/posts\/80070","targetHints":{"allow":["GET"]}}],"collection":[{"href":"http:\/\/elcuartopoder.com.mx\/nw\/wp-json\/wp\/v2\/posts"}],"about":[{"href":"http:\/\/elcuartopoder.com.mx\/nw\/wp-json\/wp\/v2\/types\/post"}],"author":[{"embeddable":true,"href":"http:\/\/elcuartopoder.com.mx\/nw\/wp-json\/wp\/v2\/users\/2"}],"replies":[{"embeddable":true,"href":"http:\/\/elcuartopoder.com.mx\/nw\/wp-json\/wp\/v2\/comments?post=80070"}],"version-history":[{"count":1,"href":"http:\/\/elcuartopoder.com.mx\/nw\/wp-json\/wp\/v2\/posts\/80070\/revisions"}],"predecessor-version":[{"id":80072,"href":"http:\/\/elcuartopoder.com.mx\/nw\/wp-json\/wp\/v2\/posts\/80070\/revisions\/80072"}],"wp:featuredmedia":[{"embeddable":true,"href":"http:\/\/elcuartopoder.com.mx\/nw\/wp-json\/wp\/v2\/media\/80071"}],"wp:attachment":[{"href":"http:\/\/elcuartopoder.com.mx\/nw\/wp-json\/wp\/v2\/media?parent=80070"}],"wp:term":[{"taxonomy":"category","embeddable":true,"href":"http:\/\/elcuartopoder.com.mx\/nw\/wp-json\/wp\/v2\/categories?post=80070"},{"taxonomy":"post_tag","embeddable":true,"href":"http:\/\/elcuartopoder.com.mx\/nw\/wp-json\/wp\/v2\/tags?post=80070"}],"curies":[{"name":"wp","href":"https:\/\/api.w.org\/{rel}","templated":true}]}}