{"id":80079,"date":"2020-06-06T14:30:32","date_gmt":"2020-06-06T19:30:32","guid":{"rendered":"http:\/\/elcuartopoder.com.mx\/nw\/?p=80079"},"modified":"2020-06-06T14:30:35","modified_gmt":"2020-06-06T19:30:35","slug":"notimex-los-datos-que-oculta-el-conflicto","status":"publish","type":"post","link":"http:\/\/elcuartopoder.com.mx\/nw\/opinion\/notimex-los-datos-que-oculta-el-conflicto\/","title":{"rendered":"Notimex: los datos que oculta el conflicto"},"content":{"rendered":"\n<p>Notimex cambi\u00f3 de giro. De ser la Agencia de Noticias del Estado Mexicano se convirti\u00f3 en una oficina postal que env\u00eda cartas a personas, asociaciones o instituciones educativas que cuestionan su desempe\u00f1o. Apenas el 1 de junio la agencia\u00a0cambi\u00f3 su imagen\u00a0con el lema \u201cverdad, libertad y derecho a la informaci\u00f3n\u201d, lo que m\u00e1s se le cuestiona que no ejerce.<\/p>\n\n\n\n<p>\u201cCredibilidad\u201d es la palabra clave de las agencias informativas internacionales. Notimex est\u00e1 envuelta en desprestigio y desconfianza. \u00bfQui\u00e9n menciona a Notimex como referencia informativa? Nadie. De nada sirve que se diga que la agencia no cumple con su principio rector de independencia editorial y coadyuvar al ejercicio del derecho a la informaci\u00f3n. La directora Sanjuana Mart\u00ednez lo niega y se defiende con u\u00f1as y dientes enviando cartas a diestra y sinistra. Es su opini\u00f3n contra la percepci\u00f3n de todos. Sanjuana se siente empoderada: el Presidente L\u00f3pez Obrador la respalda y no cree lo que se dice de ella y Notimex.<\/p>\n\n\n\n<p>Con absoluto desconocimiento del derecho de r\u00e9plica, el Director de Asuntos Jur\u00eddicos de la agencia firma solicitudes de derecho de r\u00e9plica hacia organizaciones civiles y universidades como el Iteso de Guadalajada, a pesar de que no son medios de comunicaci\u00f3n, agencias de noticias o productores independientes, como dice la ley en la materia. Lo com\u00fan es que se le pida derecho de r\u00e9plica a un medio. Pues no, el medio p\u00fablico le pide derecho de r\u00e9plica a las ONGs y a las instituciones educativas.<\/p>\n\n\n\n<p>No me referir\u00e9 al conflicto laboral en Notimex. Tampoco al estudio del proyecto Signa Lab del Iteso, \u201cAtaques selectivos: estrategias de desprestigio y descalificaci\u00f3n. El caso de experiodistas de Notimex\u201d, que concluye \u201cataques coordinados a periodistas\u201d realizados no por algoritmos sino por \u201cpersonas que operan de manera intencional y coordinada\u201d contra periodistas que trabajaron en la agencia de noticias y que \u201cmostraron inconformidad por la actuaci\u00f3n de las autoridades de Notimex\u201d.<\/p>\n\n\n\n<p>Escribir\u00e9 del desempe\u00f1o de la agencia. Primero, no tiene actualizadas sus obligaciones de transparencia porque no es posible localizar el Informe Anual de Actividades 2019 de la agencia.<\/p>\n\n\n\n<p>Notimex es una empresa del Estado que vende servicios informativos.\u00a0En marzo de 2019 (cuando Sanjuana asumi\u00f3 como directora) la agencia ten\u00eda 449 clientes; en diciembre del mismo a\u00f1o baj\u00f3 a 412 clientes: en s\u00f3lo nueve meses de su administraci\u00f3n Notimex perdi\u00f3 37 clientes, que por lo general son gobiernos y medios de comunicaci\u00f3n nacionales e internacionales que utilizan textos, fotos o infograf\u00edas que produce la agencia.<\/p>\n\n\n\n<p>En 2019 proyect\u00f3 vender 42 millones de pesos; s\u00f3lo vendi\u00f3 29.5 millones, 29.68% menos que lo proyectado. Sanjuana: \u00bfc\u00f3mo quieres vender m\u00e1s si publicas notas como \u00e9sta: \u201cLilly T\u00e9llez se viste de azul tras renegar del morenismo\u201d, donde claramente se busca desacreditar a la senadora por abandonar el movimiento que t\u00fa defiendes desde Notimex? O esta otra: \u201cFalso que M\u00e9xico tenga la mayor letalidad de Covid-19 en AL: AMLO\u201d, cuando existen abundantes fuentes que se\u00f1alan que M\u00e9xico s\u00ed tiene la mayor letalidad por esa enfermedad en la regi\u00f3n. \u00bfCrees que ese tipo de notas editorializadas, malintencionadas y con datos no verificados atraen a los clientes? Sanjuana:\u00a0la facturaci\u00f3n de Notimex en 2019 fue la m\u00e1s baja desde 2013.<\/p>\n\n\n\n<h2 class=\"wp-block-heading\">Facturaci\u00f3n de Notimex<\/h2>\n\n\n\n<table class=\"wp-block-table\"><tbody><tr><td><strong>2013<\/strong><\/td><td><strong>2014<\/strong><\/td><td><strong>2015<\/strong><\/td><td><strong>2016<\/strong><\/td><td><strong>2017<\/strong><\/td><td><strong>2018<\/strong><\/td><td><strong>2019<\/strong><\/td><\/tr><tr><td>35,381,630.69<\/td><td>40,496,702.74<\/td><td>45,967,803.11<\/td><td>43,475,740.48<\/td><td>41,386,243.00<\/td><td>39,810,802.64<\/td><td>29,534,178.65<\/td><\/tr><\/tbody><\/table>\n\n\n\n<p>Fuente:\u00a0Notimex.<\/p>\n\n\n\n<h2 class=\"wp-block-heading\">Presupuesto de Notimex (mdp)<\/h2>\n\n\n\n<table class=\"wp-block-table\"><tbody><tr><td><strong>2012<\/strong><\/td><td><strong>2013<\/strong><\/td><td><strong>2014<\/strong><\/td><td><strong>2015<\/strong><\/td><td><strong>2016<\/strong><\/td><td><strong>2017<\/strong><\/td><td><strong>2018<\/strong><\/td><td><strong>2019<\/strong><\/td><td><strong>2020<\/strong><\/td><\/tr><tr><td>214.9<\/td><td>212.8<\/td><td>226.7<\/td><td>236.9<\/td><td>206.9<\/td><td>213.3<\/td><td>216.4<\/td><td>209.1<\/td><td>220.5<\/td><\/tr><\/tbody><\/table>\n\n\n\n<p>Fuente: SHCP y Notimex.<\/p>\n\n\n\n<p>Sanjuana: pelearte con todos y no enfocarte en el crecimiento de la agencia le est\u00e1 causando un da\u00f1o patrimonial a Notimex. Aunque te defienda, no creo que eso le guste al presidente AMLO. Toda la politiquer\u00eda alimenta las redes sociales y degrada la confianza en Notimex, pero mientras eso ocurre las ganancias de la agencia se diluyen. Me parece grave.<\/p>\n\n\n\n<p>Notimex apenas tiene 20% de los impactos en la prensa de la Zona Metropolitana de una muestra de 19 diarios. S\u00ed es la agencia m\u00e1s citada, pero est\u00e1 lejos del 47% que lleg\u00f3 a tener en 2009. Hay mucha competencia con otras agencias internacionales, por eso se requiere profesionalismo que no es convertirse en la agencia vocera de la Cuarta Transformaci\u00f3n.<\/p>\n\n\n\n<p>Los peri\u00f3dicos, la iniciativa privada y los medios digitales fueron los principales clientes de Notimex en 2019, los cuales representaron 74.1% de las ventas. Antes el gobierno era el segundo mejor cliente despu\u00e9s de los diarios, pero las ventas se desplomaron con la 4T. De una facturaci\u00f3n de 9.9 millones en 2018, cay\u00f3 a 3.1 millones en 2019. Los gobiernos compran y consumen menos los contenidos de Notimex. \u00bfPor qu\u00e9 no ganar la confianza de otras audiencias con los principios bajo los cuales debe regirse Notimex: \u201cabsoluta independencia editorial frente a cualquiera de los Poderes de la Uni\u00f3n o de las entidades federativas, bajo los principios de veracidad, imparcialidad, objetividad, pluralidad, equidad y responsabilidad\u201d?<\/p>\n\n\n\n<p>El\u00a0Informe Anual de Actividades 2019\u00a0del Comit\u00e9 de \u00c9tica y de Prevenci\u00f3n de Conflictos de Inter\u00e9s de Notimex arroja los resultados de un cuestionario de percepci\u00f3n de cumplimiento del C\u00f3digo de \u00c9tica de las personas servidoras p\u00fablicas del Gobierno Federal. Los resultados de autopercepci\u00f3n no son alentadores: imparcialidad: 7.19, profesionalismo: 7.51, objetividad: 7.28, respeto a los derechos humanos: 6.77 (la calificaci\u00f3n m\u00e1s baja), liderazgo: 7.04. Si as\u00ed de mal se ve Notimex por dentro, la percepci\u00f3n afuera es a\u00fan peor.<\/p>\n\n\n\n<p>Sanjuana: espero tu solicitud de derecho de r\u00e9plica porque la fortaleza del periodismo radica en que es una actividad falible que, al verificar, permite a la sociedad ejercer su derecho a la informaci\u00f3n. Pero te recuerdo que el derecho de r\u00e9plica es sobre informaci\u00f3n o hechos inexactos y no sobre opiniones. Y todos los datos que aqu\u00ed incluyo est\u00e1n en el portal de la agencia.<\/p>\n\n\n\n<p><strong>Fuente:<\/strong> eleconomista<\/p>\n","protected":false},"excerpt":{"rendered":"<p>Notimex cambi\u00f3 de giro. De ser la Agencia de Noticias del Estado Mexicano se convirti\u00f3 en una oficina postal que env\u00eda cartas a personas, asociaciones o instituciones educativas que cuestionan su desempe\u00f1o. Apenas el 1 de junio la agencia\u00a0cambi\u00f3 su imagen\u00a0con el lema \u201cverdad, libertad y derecho a la informaci\u00f3n\u201d, lo que m\u00e1s se le [&hellip;]<\/p>\n","protected":false},"author":2,"featured_media":80080,"comment_status":"open","ping_status":"open","sticky":false,"template":"","format":"standard","meta":{"footnotes":""},"categories":[62],"tags":[],"class_list":["post-80079","post","type-post","status-publish","format-standard","has-post-thumbnail","hentry","category-opinion"],"_links":{"self":[{"href":"http:\/\/elcuartopoder.com.mx\/nw\/wp-json\/wp\/v2\/posts\/80079","targetHints":{"allow":["GET"]}}],"collection":[{"href":"http:\/\/elcuartopoder.com.mx\/nw\/wp-json\/wp\/v2\/posts"}],"about":[{"href":"http:\/\/elcuartopoder.com.mx\/nw\/wp-json\/wp\/v2\/types\/post"}],"author":[{"embeddable":true,"href":"http:\/\/elcuartopoder.com.mx\/nw\/wp-json\/wp\/v2\/users\/2"}],"replies":[{"embeddable":true,"href":"http:\/\/elcuartopoder.com.mx\/nw\/wp-json\/wp\/v2\/comments?post=80079"}],"version-history":[{"count":1,"href":"http:\/\/elcuartopoder.com.mx\/nw\/wp-json\/wp\/v2\/posts\/80079\/revisions"}],"predecessor-version":[{"id":80081,"href":"http:\/\/elcuartopoder.com.mx\/nw\/wp-json\/wp\/v2\/posts\/80079\/revisions\/80081"}],"wp:featuredmedia":[{"embeddable":true,"href":"http:\/\/elcuartopoder.com.mx\/nw\/wp-json\/wp\/v2\/media\/80080"}],"wp:attachment":[{"href":"http:\/\/elcuartopoder.com.mx\/nw\/wp-json\/wp\/v2\/media?parent=80079"}],"wp:term":[{"taxonomy":"category","embeddable":true,"href":"http:\/\/elcuartopoder.com.mx\/nw\/wp-json\/wp\/v2\/categories?post=80079"},{"taxonomy":"post_tag","embeddable":true,"href":"http:\/\/elcuartopoder.com.mx\/nw\/wp-json\/wp\/v2\/tags?post=80079"}],"curies":[{"name":"wp","href":"https:\/\/api.w.org\/{rel}","templated":true}]}}