{"id":80110,"date":"2020-06-08T11:20:35","date_gmt":"2020-06-08T16:20:35","guid":{"rendered":"http:\/\/elcuartopoder.com.mx\/nw\/?p=80110"},"modified":"2020-06-08T11:21:38","modified_gmt":"2020-06-08T16:21:38","slug":"presentan-ruta-para-que-pequenas-empresas-de-mexico-exporten","status":"publish","type":"post","link":"http:\/\/elcuartopoder.com.mx\/nw\/economia\/presentan-ruta-para-que-pequenas-empresas-de-mexico-exporten\/","title":{"rendered":"PRESENTAN RUTA PARA QUE PEQUE\u00d1AS EMPRESAS DE M\u00c9XICO EXPORTEN"},"content":{"rendered":"\n<p>Sergio Silva Casta\u00f1eda, titular de la Unidad de Inteligencia Econ\u00f3mica Global de la Secretar\u00eda de Econom\u00eda,&nbsp;&nbsp;present\u00f3 la &#8216;Ruta para la Exportaci\u00f3n&#8217; que busca facilitar el conocimiento para las micro, peque\u00f1as y medianas empresas (mipymes) de M\u00e9xico con el objetivo de&nbsp;que puedan ofrecer sus productos en el mundo.<\/p>\n\n\n\n<p>En conferencia de prensa desde Palacio Nacional, dijo: \u201cM\u00e9xico es bastante competitivo en algunos rubros, sin embargo, queremos abrir ese abanico para las empresas mexicanas para que puedan ofrecer sus productos en un entorno global, para esto necesitamos empresarios informados, capacitados\u00bb.<\/p>\n\n\n\n<p>Explic\u00f3 que&nbsp; \u201cde lo que se trata es de tener un documento sencillo, son mas o menos de 40 p\u00e1ginas, que se encontrar\u00e1 en la pagina&nbsp;mipymesmx&nbsp;que permite explicarle a los empresarios cu\u00e1les son los primeros pasos, en qu\u00e9 tenemos que pensar para exportar\u00bb.<\/p>\n\n\n\n<p><strong>Fuente:<\/strong>&nbsp;xeu<br><br><\/p>\n","protected":false},"excerpt":{"rendered":"<p>Sergio Silva Casta\u00f1eda, titular de la Unidad de Inteligencia Econ\u00f3mica Global de la Secretar\u00eda de Econom\u00eda,&nbsp;&nbsp;present\u00f3 la &#8216;Ruta para la Exportaci\u00f3n&#8217; que busca facilitar el conocimiento para las micro, peque\u00f1as y medianas empresas (mipymes) de M\u00e9xico con el objetivo de&nbsp;que puedan ofrecer sus productos en el mundo. En conferencia de prensa desde Palacio Nacional, dijo: [&hellip;]<\/p>\n","protected":false},"author":2,"featured_media":80111,"comment_status":"open","ping_status":"open","sticky":false,"template":"","format":"standard","meta":{"footnotes":""},"categories":[1],"tags":[],"class_list":["post-80110","post","type-post","status-publish","format-standard","has-post-thumbnail","hentry","category-economia"],"_links":{"self":[{"href":"http:\/\/elcuartopoder.com.mx\/nw\/wp-json\/wp\/v2\/posts\/80110","targetHints":{"allow":["GET"]}}],"collection":[{"href":"http:\/\/elcuartopoder.com.mx\/nw\/wp-json\/wp\/v2\/posts"}],"about":[{"href":"http:\/\/elcuartopoder.com.mx\/nw\/wp-json\/wp\/v2\/types\/post"}],"author":[{"embeddable":true,"href":"http:\/\/elcuartopoder.com.mx\/nw\/wp-json\/wp\/v2\/users\/2"}],"replies":[{"embeddable":true,"href":"http:\/\/elcuartopoder.com.mx\/nw\/wp-json\/wp\/v2\/comments?post=80110"}],"version-history":[{"count":2,"href":"http:\/\/elcuartopoder.com.mx\/nw\/wp-json\/wp\/v2\/posts\/80110\/revisions"}],"predecessor-version":[{"id":80113,"href":"http:\/\/elcuartopoder.com.mx\/nw\/wp-json\/wp\/v2\/posts\/80110\/revisions\/80113"}],"wp:featuredmedia":[{"embeddable":true,"href":"http:\/\/elcuartopoder.com.mx\/nw\/wp-json\/wp\/v2\/media\/80111"}],"wp:attachment":[{"href":"http:\/\/elcuartopoder.com.mx\/nw\/wp-json\/wp\/v2\/media?parent=80110"}],"wp:term":[{"taxonomy":"category","embeddable":true,"href":"http:\/\/elcuartopoder.com.mx\/nw\/wp-json\/wp\/v2\/categories?post=80110"},{"taxonomy":"post_tag","embeddable":true,"href":"http:\/\/elcuartopoder.com.mx\/nw\/wp-json\/wp\/v2\/tags?post=80110"}],"curies":[{"name":"wp","href":"https:\/\/api.w.org\/{rel}","templated":true}]}}