{"id":80125,"date":"2020-06-09T10:43:55","date_gmt":"2020-06-09T15:43:55","guid":{"rendered":"http:\/\/elcuartopoder.com.mx\/nw\/?p=80125"},"modified":"2020-06-09T10:43:58","modified_gmt":"2020-06-09T15:43:58","slug":"paga-mexico-6-2-mdd-por-servicios-de-medicos-cubanos-para-atender-covid-19","status":"publish","type":"post","link":"http:\/\/elcuartopoder.com.mx\/nw\/nacionales\/paga-mexico-6-2-mdd-por-servicios-de-medicos-cubanos-para-atender-covid-19\/","title":{"rendered":"Paga M\u00e9xico 6.2 mdd por servicios de m\u00e9dicos cubanos para atender COVID-19"},"content":{"rendered":"\n<p>El Instituto de Salud para el Bienestar pagar\u00e1 un total de 6 millones 255 mil 792 d\u00f3lares por la contrataci\u00f3n de 585 m\u00e9dicos y enfermeros cubanos para atender a pacientes con coronavirus en la Ciudad de M\u00e9xico, inform\u00f3 en entrevista con el medio Diario de Cuba la Secretaria de la CDMX, Olivia L\u00f3pez Arellano.<\/p>\n\n\n\n<p>Asever\u00f3 que ese monto incluye capacitaci\u00f3n y otras actividades del personal cubano como especializaci\u00f3n, asesor\u00eda e investigaci\u00f3n conjunta.&nbsp;<\/p>\n\n\n\n<p>\u00abEllos tienen mucha experiencia en territorio, en la parte epidemiol\u00f3gica comunitaria, en el refuerzo de las actividades hospitalarias, y tambi\u00e9n en asesor\u00eda, capacitaci\u00f3n, y apoyo en diversos componentes de la estrategia\u00bb, indic\u00f3 L\u00f3pez Arellano.<\/p>\n\n\n\n<p>Detall\u00f3 que el recurso\u00a0 lo transfiri\u00f3 el Insabi, a trav\u00e9s de la Secretar\u00eda de Administraci\u00f3n y Finanzas, a la Secretar\u00eda de Salud.<\/p>\n\n\n\n<p><strong>Fuente:<\/strong> xeu<\/p>\n","protected":false},"excerpt":{"rendered":"<p>El Instituto de Salud para el Bienestar pagar\u00e1 un total de 6 millones 255 mil 792 d\u00f3lares por la contrataci\u00f3n de 585 m\u00e9dicos y enfermeros cubanos para atender a pacientes con coronavirus en la Ciudad de M\u00e9xico, inform\u00f3 en entrevista con el medio Diario de Cuba la Secretaria de la CDMX, Olivia L\u00f3pez Arellano. Asever\u00f3 [&hellip;]<\/p>\n","protected":false},"author":2,"featured_media":80126,"comment_status":"open","ping_status":"open","sticky":false,"template":"","format":"standard","meta":{"footnotes":""},"categories":[55],"tags":[],"class_list":["post-80125","post","type-post","status-publish","format-standard","has-post-thumbnail","hentry","category-nacionales"],"_links":{"self":[{"href":"http:\/\/elcuartopoder.com.mx\/nw\/wp-json\/wp\/v2\/posts\/80125","targetHints":{"allow":["GET"]}}],"collection":[{"href":"http:\/\/elcuartopoder.com.mx\/nw\/wp-json\/wp\/v2\/posts"}],"about":[{"href":"http:\/\/elcuartopoder.com.mx\/nw\/wp-json\/wp\/v2\/types\/post"}],"author":[{"embeddable":true,"href":"http:\/\/elcuartopoder.com.mx\/nw\/wp-json\/wp\/v2\/users\/2"}],"replies":[{"embeddable":true,"href":"http:\/\/elcuartopoder.com.mx\/nw\/wp-json\/wp\/v2\/comments?post=80125"}],"version-history":[{"count":1,"href":"http:\/\/elcuartopoder.com.mx\/nw\/wp-json\/wp\/v2\/posts\/80125\/revisions"}],"predecessor-version":[{"id":80127,"href":"http:\/\/elcuartopoder.com.mx\/nw\/wp-json\/wp\/v2\/posts\/80125\/revisions\/80127"}],"wp:featuredmedia":[{"embeddable":true,"href":"http:\/\/elcuartopoder.com.mx\/nw\/wp-json\/wp\/v2\/media\/80126"}],"wp:attachment":[{"href":"http:\/\/elcuartopoder.com.mx\/nw\/wp-json\/wp\/v2\/media?parent=80125"}],"wp:term":[{"taxonomy":"category","embeddable":true,"href":"http:\/\/elcuartopoder.com.mx\/nw\/wp-json\/wp\/v2\/categories?post=80125"},{"taxonomy":"post_tag","embeddable":true,"href":"http:\/\/elcuartopoder.com.mx\/nw\/wp-json\/wp\/v2\/tags?post=80125"}],"curies":[{"name":"wp","href":"https:\/\/api.w.org\/{rel}","templated":true}]}}