{"id":80183,"date":"2020-06-11T13:09:42","date_gmt":"2020-06-11T18:09:42","guid":{"rendered":"http:\/\/elcuartopoder.com.mx\/nw\/?p=80183"},"modified":"2020-06-11T13:09:46","modified_gmt":"2020-06-11T18:09:46","slug":"la-pandemia-ha-provocado-un-aumento-del-trabajo-infantil-en-todo-el-mundo-segun-la-ong-world-vision","status":"publish","type":"post","link":"http:\/\/elcuartopoder.com.mx\/nw\/internacionales\/la-pandemia-ha-provocado-un-aumento-del-trabajo-infantil-en-todo-el-mundo-segun-la-ong-world-vision\/","title":{"rendered":"La pandemia ha provocado un aumento del trabajo infantil en todo el mundo, seg\u00fan la ONG World Vision"},"content":{"rendered":"\n<p>La<strong>&nbsp;ONG World Vision&nbsp;<\/strong>ha alertado de que la<strong>&nbsp;pandemia del coronavirus Covid-19<\/strong>&nbsp;est\u00e1 provocando&nbsp;<strong>un \u00abaumento\u00bb del trabajo infantil en todo el mundo<\/strong>, ante la vulnerabilidad en la que han quedado muchas familias debido a la crisis sanitaria. La organizaci\u00f3n pide esfuerzos internacionales para detener este incremento, con motivo del&nbsp;<strong>D\u00eda Mundial contra el Trabajo Infantil<\/strong>&nbsp;que se conmemora el pr\u00f3ximo viernes 12 de junio.<\/p>\n\n\n\n<p>\u00abEstamos viendo esta tendencia en otras partes del mundo, como en&nbsp;<strong>\u00c1frica y Am\u00e9rica Latina<\/strong>. Las consecuencias son extremadamente graves ya que a los ni\u00f1os se les roba su futuro. Muchos de ellos no volver\u00e1n a la escuela y perder\u00e1n la oportunidad de una vida mejor. En lugar de asistir a las escuelas, estos ni\u00f1os se esclavizan como trabajadores en la agricultura, en los vertederos de basura, donde buscan materiales reciclables, o en f\u00e1bricas y canteras\u00bb, afirma el director ejecutivo de World Vision Espa\u00f1a, Javier Ruiz.<\/p>\n\n\n\n<p>Seg\u00fan una encuesta realizada por World Vision a familias de seis pa\u00edses asi\u00e1ticos, de las familias entrevistadas,&nbsp;<strong>un 8%<\/strong>&nbsp;(830) declararon que las medidas contra la<strong>&nbsp;Covid-19<\/strong>&nbsp;les han obligado a&nbsp;<strong>enviar a sus hijos a trabajar<\/strong>, y un4% (415) declararon que ahora hacen&nbsp;<strong>mendigar a sus hijos<\/strong>&nbsp;para salir adelante. Entre los motivos que alegaban destaca la disminuci\u00f3n de ingresos por la&nbsp;<strong>crisis del coronavirus<\/strong>&nbsp;o el cierre de escuelas, que ha llevado a la eliminaci\u00f3n de las comidas escolares.<\/p>\n\n\n\n<p>Seg\u00fan indica la ONG, en Latinoam\u00e9rica&nbsp;<strong>m\u00e1s de 10 millones de ni\u00f1os y ni\u00f1as trabajan<\/strong>. World Vision teme que en aquellos contextos donde prevalece el empleo informal, aumenten los ni\u00f1os y las ni\u00f1as vinculados en ventas callejeras, e incluso aquellos forzados en esquemas de esclavitud como la mendicidad.<\/p>\n\n\n\n<p>\u00abEn a\u00f1os anteriores, tuvimos avances que lograron reducir el trabajo infantil. Pero<strong>&nbsp;el deterioro social y econ\u00f3mico que anticipa esta crisis<\/strong>&nbsp;estimular\u00e1 a much\u00edsimas familias a sacar a sus hijos de la escuela ante la incapacidad de pagar sus estudios y proveerles alimento. Por otro lado, muchos sectores buscar\u00e1n en los ni\u00f1os, ni\u00f1as y adolescentes mano de obra barata para reducir sus costos operativos\u00bb, ha advertido el l\u00edder regional de World Vision Latinoam\u00e9rica y el Caribe, Joao Diniz.<\/p>\n\n\n\n<h3 class=\"wp-block-heading\">Estudios quebrados por el coronavirus<\/h3>\n\n\n\n<p>Kevin (nombre ficticio), tiene 11 a\u00f1os y estudia tercer grado en una escuela de primaria de Rep\u00fablica Centroafricana. Desde los 8 a\u00f1os tambi\u00e9n ayuda a su padre en la fragua pero desde que fue declarado el<strong>&nbsp;brote de la Covid-19<\/strong>&nbsp;y se cerraron las escuelas, esta es su \u00fanica actividad. \u00abEs solo durante este per\u00edodo, mientras las escuelas est\u00e1n cerradas debido a la pandemia\u00bb, dice su padre.<\/p>\n\n\n\n<p>Si bien,&nbsp;<strong>Kevin no solo gira el mango de la fragua, tambi\u00e9n vende los productos del taller de su padre<\/strong>, recorriendo los distritos con el riesgo que esto supone para el. \u00abEstoy deseando volver a la escuela. Quiero convertirme en mec\u00e1nico o soldador\u00bb, asegura el ni\u00f1o, mientras observa a su padre pulir las ollas.<\/p>\n\n\n\n<p>World Vision se\u00f1ala que no se puede permitir que situaciones como la de Kevin se perpet\u00faen. \u00abS\u00f3lo podemos romper esta<strong>\u00a0espiral de pobreza<\/strong>\u00a0si proporcionamos un apoyo espec\u00edfico a las familias m\u00e1s vulnerables y les mostramos las consecuencias, en un futuro inmediato, del trabajo infantil para sus hijos. Esto requiere un enorme esfuerzo internacional; sin la solidaridad mundial estamos enviando a millones de ni\u00f1as y ni\u00f1os a una vida sin futuro\u00bb, a\u00f1ade Javier Ruiz.<\/p>\n\n\n\n<p><strong>Fuente:<\/strong> ABC<\/p>\n","protected":false},"excerpt":{"rendered":"<p>La&nbsp;ONG World Vision&nbsp;ha alertado de que la&nbsp;pandemia del coronavirus Covid-19&nbsp;est\u00e1 provocando&nbsp;un \u00abaumento\u00bb del trabajo infantil en todo el mundo, ante la vulnerabilidad en la que han quedado muchas familias debido a la crisis sanitaria. La organizaci\u00f3n pide esfuerzos internacionales para detener este incremento, con motivo del&nbsp;D\u00eda Mundial contra el Trabajo Infantil&nbsp;que se conmemora el pr\u00f3ximo [&hellip;]<\/p>\n","protected":false},"author":2,"featured_media":80184,"comment_status":"open","ping_status":"open","sticky":false,"template":"","format":"standard","meta":{"footnotes":""},"categories":[8],"tags":[],"class_list":["post-80183","post","type-post","status-publish","format-standard","has-post-thumbnail","hentry","category-internacionales"],"_links":{"self":[{"href":"http:\/\/elcuartopoder.com.mx\/nw\/wp-json\/wp\/v2\/posts\/80183","targetHints":{"allow":["GET"]}}],"collection":[{"href":"http:\/\/elcuartopoder.com.mx\/nw\/wp-json\/wp\/v2\/posts"}],"about":[{"href":"http:\/\/elcuartopoder.com.mx\/nw\/wp-json\/wp\/v2\/types\/post"}],"author":[{"embeddable":true,"href":"http:\/\/elcuartopoder.com.mx\/nw\/wp-json\/wp\/v2\/users\/2"}],"replies":[{"embeddable":true,"href":"http:\/\/elcuartopoder.com.mx\/nw\/wp-json\/wp\/v2\/comments?post=80183"}],"version-history":[{"count":1,"href":"http:\/\/elcuartopoder.com.mx\/nw\/wp-json\/wp\/v2\/posts\/80183\/revisions"}],"predecessor-version":[{"id":80185,"href":"http:\/\/elcuartopoder.com.mx\/nw\/wp-json\/wp\/v2\/posts\/80183\/revisions\/80185"}],"wp:featuredmedia":[{"embeddable":true,"href":"http:\/\/elcuartopoder.com.mx\/nw\/wp-json\/wp\/v2\/media\/80184"}],"wp:attachment":[{"href":"http:\/\/elcuartopoder.com.mx\/nw\/wp-json\/wp\/v2\/media?parent=80183"}],"wp:term":[{"taxonomy":"category","embeddable":true,"href":"http:\/\/elcuartopoder.com.mx\/nw\/wp-json\/wp\/v2\/categories?post=80183"},{"taxonomy":"post_tag","embeddable":true,"href":"http:\/\/elcuartopoder.com.mx\/nw\/wp-json\/wp\/v2\/tags?post=80183"}],"curies":[{"name":"wp","href":"https:\/\/api.w.org\/{rel}","templated":true}]}}