{"id":80235,"date":"2020-06-13T14:39:47","date_gmt":"2020-06-13T19:39:47","guid":{"rendered":"http:\/\/elcuartopoder.com.mx\/nw\/?p=80235"},"modified":"2020-06-13T14:39:50","modified_gmt":"2020-06-13T19:39:50","slug":"instala-poder-judicial-comision-transitoria-de-reactivacion","status":"publish","type":"post","link":"http:\/\/elcuartopoder.com.mx\/nw\/municipales\/instala-poder-judicial-comision-transitoria-de-reactivacion\/","title":{"rendered":"Instala Poder Judicial Comisi\u00f3n Transitoria de Reactivaci\u00f3n"},"content":{"rendered":"\n<p>Reducir los contagios, preservar la salud y el regreso gradual a las oficinas a trav\u00e9s de Filtros Especializados con atenci\u00f3n m\u00e9dica, fueron temas que se trataron este s\u00e1bado <\/p>\n\n\n\n<p>Chetumal, Q. Roo.- Como parte de los preparativos hacia la nueva normalidad, este d\u00eda qued\u00f3 formalmente instalada la Comisi\u00f3n Transitoria para la Reactivaci\u00f3n del Poder Judicial, con miras a la atenci\u00f3n gradual y escalonada de la atenci\u00f3n al p\u00fablico, en la que se tomaron importantes acciones para reducir los riegos de contagio con las medidas primordiales para el cuidado de la salud.<\/p>\n\n\n\n<p>En el marco de la Sesi\u00f3n de Instalaci\u00f3n que encabez\u00f3 el magistrado presidente del Tribunal Superior de Justicia, y del Consejo de la Judicatura, Jos\u00e9 Antonio Le\u00f3n Ruiz, se acord\u00f3 incluir entre los Lineamientos para la Reactivaci\u00f3n Progresiva de la Atenci\u00f3n al P\u00fablico, que toda documentaci\u00f3n que sea recibida por parte de los usuarios ser\u00e1 sometida a una cuarentena de cinco d\u00edas y evitar la propagaci\u00f3n del virus SARS-Cov2 entre el personal judicial y administrativo.<\/p>\n\n\n\n<p>Destaca en esta sesi\u00f3n la presentaci\u00f3n del Proyecto Regreso a Oficina Segura, en la que se enumeraron diferentes acciones tendientes a evitar la propagaci\u00f3n del coronavirus entre el personal del Poder Judicial, para lo cual se han dispuesto los Filtros Especializados con atenci\u00f3n m\u00e9dica y de enfermer\u00eda que estar\u00e1n al pendiente del ingreso del 33 por ciento del personal a partir del primero de julio.<\/p>\n\n\n\n<p>De igual manera, durante la sesi\u00f3n de esta Comisi\u00f3n Transitoria en la que participaron a trav\u00e9s de video-conferencia, Magistrados, Consejeros, Coordinadores de Gesti\u00f3n Administrativa y Directores, se present\u00f3 un informe de acciones realizadas a trav\u00e9s del Comit\u00e9 de Protecci\u00f3n Civil y la Comisi\u00f3n de Seguridad y Salud en el Trabajo, para a tender la contingencia del COVID-19, a partir del 18 de marzo del presente a\u00f1o, destacando el establecimiento de aproximadamente 40 filtros de control de acceso en todos los edificios de la Instituci\u00f3n en la entidad, en donde se toma la temperatura, se desinfecta el calzado y se utiliza gel antibacterial.<\/p>\n\n\n\n<p>Es importante mencionar que el Poder Judicial se est\u00e1 preparando para la reactivaci\u00f3n gradual y escalonada de la atenci\u00f3n al p\u00fablico, y dentro de ello desde este lunes 15 de la reactivaci\u00f3n progresiva de la administraci\u00f3n e impartici\u00f3n en la nueva normalidad comienza ya que los \u00f3rganos jurisdiccionales podr\u00e1n resolver los casos radicados en los que \u00fanicamente quede pendiente la emisi\u00f3n de la sentencia o resoluci\u00f3n final; Recibir\u00e1n inicios de asuntos no urgentes y se continuar\u00e1 los iniciados con anterioridad a la suspensi\u00f3n al p\u00fablico, siempre que no implique el desahogo de audiencias con presencia de las partes.<\/p>\n\n\n\n<p>Adem\u00e1s, las convivencias familiares supervisada podr\u00e1n desahogarse mediante el uso de las tecnolog\u00edas; Se habilitan los d\u00edas y las horas que resulten necesarios para que los Juzgados Orales Mercantiles de Canc\u00fan, puedan recibir electr\u00f3nicamente escritos iniciales y, el p\u00fablico usuario, a partir del diecis\u00e9is de junio, podr\u00e1 iniciar con el tr\u00e1mite de solicitud de citas previsto en los Lineamientos.<\/p>\n\n\n\n<p>Tambi\u00e9n, a partir del quince de junio entrar\u00e1 en vigor el programa \u201cMediaci\u00f3n desde tu casa\u201d, con el que se incorporan las tecnolog\u00edas de la informaci\u00f3n a los mecanismos alternativos de soluci\u00f3n de controversias durante esta contingencia, acciones que este d\u00eda fueron reforzadas con la Instalaci\u00f3n de la Comisi\u00f3n Transitoria que tiene el objetivo de darle seguimiento a todas las acciones que implemente el Poder Judicial con los acuerdos del Tribunal Superior de Justicia y del Consejo de la Judicatura.<\/p>\n","protected":false},"excerpt":{"rendered":"<p>Reducir los contagios, preservar la salud y el regreso gradual a las oficinas a trav\u00e9s de Filtros Especializados con atenci\u00f3n m\u00e9dica, fueron temas que se trataron este s\u00e1bado Chetumal, Q. Roo.- Como parte de los preparativos hacia la nueva normalidad, este d\u00eda qued\u00f3 formalmente instalada la Comisi\u00f3n Transitoria para la Reactivaci\u00f3n del Poder Judicial, con [&hellip;]<\/p>\n","protected":false},"author":2,"featured_media":80236,"comment_status":"open","ping_status":"open","sticky":false,"template":"","format":"standard","meta":{"footnotes":""},"categories":[6],"tags":[],"class_list":["post-80235","post","type-post","status-publish","format-standard","has-post-thumbnail","hentry","category-municipales"],"_links":{"self":[{"href":"http:\/\/elcuartopoder.com.mx\/nw\/wp-json\/wp\/v2\/posts\/80235","targetHints":{"allow":["GET"]}}],"collection":[{"href":"http:\/\/elcuartopoder.com.mx\/nw\/wp-json\/wp\/v2\/posts"}],"about":[{"href":"http:\/\/elcuartopoder.com.mx\/nw\/wp-json\/wp\/v2\/types\/post"}],"author":[{"embeddable":true,"href":"http:\/\/elcuartopoder.com.mx\/nw\/wp-json\/wp\/v2\/users\/2"}],"replies":[{"embeddable":true,"href":"http:\/\/elcuartopoder.com.mx\/nw\/wp-json\/wp\/v2\/comments?post=80235"}],"version-history":[{"count":1,"href":"http:\/\/elcuartopoder.com.mx\/nw\/wp-json\/wp\/v2\/posts\/80235\/revisions"}],"predecessor-version":[{"id":80237,"href":"http:\/\/elcuartopoder.com.mx\/nw\/wp-json\/wp\/v2\/posts\/80235\/revisions\/80237"}],"wp:featuredmedia":[{"embeddable":true,"href":"http:\/\/elcuartopoder.com.mx\/nw\/wp-json\/wp\/v2\/media\/80236"}],"wp:attachment":[{"href":"http:\/\/elcuartopoder.com.mx\/nw\/wp-json\/wp\/v2\/media?parent=80235"}],"wp:term":[{"taxonomy":"category","embeddable":true,"href":"http:\/\/elcuartopoder.com.mx\/nw\/wp-json\/wp\/v2\/categories?post=80235"},{"taxonomy":"post_tag","embeddable":true,"href":"http:\/\/elcuartopoder.com.mx\/nw\/wp-json\/wp\/v2\/tags?post=80235"}],"curies":[{"name":"wp","href":"https:\/\/api.w.org\/{rel}","templated":true}]}}