{"id":80247,"date":"2020-06-14T19:36:00","date_gmt":"2020-06-15T00:36:00","guid":{"rendered":"http:\/\/elcuartopoder.com.mx\/nw\/?p=80247"},"modified":"2020-06-14T19:36:03","modified_gmt":"2020-06-15T00:36:03","slug":"cher-y-su-mama-de-94-anos-tienen-secreto-de-la-eterna-juventud-aqui-la-prueba","status":"publish","type":"post","link":"http:\/\/elcuartopoder.com.mx\/nw\/entretenimiento\/espectaculos\/cher-y-su-mama-de-94-anos-tienen-secreto-de-la-eterna-juventud-aqui-la-prueba\/","title":{"rendered":"Cher y su mam\u00e1 de 94 a\u00f1os tienen secreto de la eterna juventud; aqu\u00ed la prueba"},"content":{"rendered":"\n<p><strong>Una fotograf\u00eda por el cumplea\u00f1os n\u00famero 94 de la mam\u00e1 de la cantante le est\u00e1 dando la vuelta al mundo, por la gran belleza que proyectan ambas.<\/strong><\/p>\n\n\n\n<p>La cantante\u00a0<strong>Cher\u00a0<\/strong>sorprendi\u00f3 a sus seguidores con una foto en la que aparece junto a su mam\u00e1, quien esta semana cumpli\u00f3 94 a\u00f1os, y luce verdaderamente radiante. Sus seguidores de inmediato destacaron la belleza de Georgina Holt, as\u00ed como el gran parecido entre ambas.<\/p>\n\n\n\n<p>La cantante de 74 a\u00f1os tambi\u00e9n luce espectacular en la foto compartida, por lo que sus seguidores no dejaron de alabar la belleza y juventud que madre e hija reflejan.<\/p>\n\n\n\n<p>\u201cCher con 74 y su mam\u00e1 con 94 lucen mejor que yo a mis 35\u201d, \u201cEl tiempo no les hace nada\u201d, \u201c\u00bfDonde consiguen la fuente de la juventud?\u201d fueron algunos de los comentarios que los internautas realizaron en la publicaci\u00f3n.<\/p>\n\n\n\n<p>En repetidas ocasiones tanto\u00a0<strong>Cher<\/strong>\u00a0como su mam\u00e1 han posado mostrando la excelente relaci\u00f3n que llevan, as\u00ed como la gran belleza que poseen, misma que proviene de la buena alimentaci\u00f3n que han llevado durante toda su vida, seg\u00fan lo ha expresado en la cantante.<\/p>\n\n\n\n<p>Cher siempre ha expresado admiraci\u00f3n por su mam\u00e1, quien la introdujo en el mundo de la m\u00fasica, pues fue una gran estrella del canto y la actuaci\u00f3n en su \u00e9poca.<\/p>\n\n\n\n<p>Otra prueba de la buena relaci\u00f3n que existe entre madre e hija es la canci\u00f3n que lanzaron juntas en 2013,&nbsp;<em>I\u2019m just your Yesterday,&nbsp;<\/em>del \u00e1lbum&nbsp;<em>Honky Tonk Woman<\/em>&nbsp;de Georgia.<\/p>\n\n\n\n<p>La instant\u00e1nea de la que todo el mundo habla, y que ya le dio la vuelta al mundo, llega justo despu\u00e9s de que Cher cantara en espa\u00f1ol la canci\u00f3n \u201c<strong>Chiquitita\u201d<\/strong>&nbsp;con el fin de recaudar fondos para organizaciones que buscan mitigar los estragos que ha dejado el&nbsp;<strong>coronavirus<\/strong>&nbsp;en Estados Unidos.<\/p>\n\n\n\n<p>La ic\u00f3nica int\u00e9rprete se ha manifestado realmente preocupada por el coronavirus. Seg\u00fan una entrevista publicada por<em>\u00a0El Pa\u00eds<\/em>,\u00a0<strong>Cher<\/strong>\u00a0se encontraba recluida en su casa de Malib\u00fa, pues se considera parte de la poblaci\u00f3n de riesgo al ser asm\u00e1tica, por lo que extrem\u00f3 precauciones.<\/p>\n\n\n\n<p><strong>Fuente: <\/strong>marcrixnoticias<\/p>\n\n\n\n<p><br><\/p>\n","protected":false},"excerpt":{"rendered":"<p>Una fotograf\u00eda por el cumplea\u00f1os n\u00famero 94 de la mam\u00e1 de la cantante le est\u00e1 dando la vuelta al mundo, por la gran belleza que proyectan ambas. La cantante\u00a0Cher\u00a0sorprendi\u00f3 a sus seguidores con una foto en la que aparece junto a su mam\u00e1, quien esta semana cumpli\u00f3 94 a\u00f1os, y luce verdaderamente radiante. Sus seguidores [&hellip;]<\/p>\n","protected":false},"author":2,"featured_media":80248,"comment_status":"open","ping_status":"open","sticky":false,"template":"","format":"standard","meta":{"footnotes":""},"categories":[11],"tags":[],"class_list":["post-80247","post","type-post","status-publish","format-standard","has-post-thumbnail","hentry","category-espectaculos"],"_links":{"self":[{"href":"http:\/\/elcuartopoder.com.mx\/nw\/wp-json\/wp\/v2\/posts\/80247","targetHints":{"allow":["GET"]}}],"collection":[{"href":"http:\/\/elcuartopoder.com.mx\/nw\/wp-json\/wp\/v2\/posts"}],"about":[{"href":"http:\/\/elcuartopoder.com.mx\/nw\/wp-json\/wp\/v2\/types\/post"}],"author":[{"embeddable":true,"href":"http:\/\/elcuartopoder.com.mx\/nw\/wp-json\/wp\/v2\/users\/2"}],"replies":[{"embeddable":true,"href":"http:\/\/elcuartopoder.com.mx\/nw\/wp-json\/wp\/v2\/comments?post=80247"}],"version-history":[{"count":1,"href":"http:\/\/elcuartopoder.com.mx\/nw\/wp-json\/wp\/v2\/posts\/80247\/revisions"}],"predecessor-version":[{"id":80249,"href":"http:\/\/elcuartopoder.com.mx\/nw\/wp-json\/wp\/v2\/posts\/80247\/revisions\/80249"}],"wp:featuredmedia":[{"embeddable":true,"href":"http:\/\/elcuartopoder.com.mx\/nw\/wp-json\/wp\/v2\/media\/80248"}],"wp:attachment":[{"href":"http:\/\/elcuartopoder.com.mx\/nw\/wp-json\/wp\/v2\/media?parent=80247"}],"wp:term":[{"taxonomy":"category","embeddable":true,"href":"http:\/\/elcuartopoder.com.mx\/nw\/wp-json\/wp\/v2\/categories?post=80247"},{"taxonomy":"post_tag","embeddable":true,"href":"http:\/\/elcuartopoder.com.mx\/nw\/wp-json\/wp\/v2\/tags?post=80247"}],"curies":[{"name":"wp","href":"https:\/\/api.w.org\/{rel}","templated":true}]}}